{"id":213652,"date":"2013-05-07T19:20:00","date_gmt":"2013-05-07T19:20:00","guid":{"rendered":"http:\/\/diariodominicano.ddns.net\/?p=213652"},"modified":"2013-05-07T19:20:00","modified_gmt":"2013-05-07T19:20:00","slug":"el-campeon-raynear-mejia-retorna-al-motocross-ya-entrena","status":"publish","type":"post","link":"https:\/\/diariodominicano.com\/?p=213652","title":{"rendered":"El campe\u00f3n Raynear Mej\u00eda retorna al motocross, ya entrena"},"content":{"rendered":"<p><body><\/p>\n<p><img decoding=\"async\" src=\"http:\/\/localhost:8080\/img3\/CAMPEON.JPG\" \/>  <\/p>\n<p><span class=\"text1noticias\">SANTIAGO, RD, 7 de Mayo.-El doble campe\u00f3n nacional de motocross de las m\u00e1s altas categor\u00edas, Raynear Mej\u00eda, retorna a la pista luego de varios meses de inactividad por un grave accidente que tuvo en competencia en los Estados Unidos.<\/span><\/p>\n<\/p>\n<p><span class=\"text1noticias\"> Mej\u00eda pas\u00f3 muy bien la rehabilitaci\u00f3n a pesar de recibir serias operaciones, alegando en la actualidad que se siente bien y muy fuerte f\u00edsicamente ya que ha estado ejercit\u00e1ndose en el gimnasio y corriendo a pies.<\/span><\/p>\n<\/p>\n<p><span class=\"text1noticias\">Ya en la pista, en los entrenamientos, el afamado piloto nativo de Santiago de inmediato comenz\u00f3 a notarse en vista de que fue el m\u00e1s r\u00e1pido de todos los que estuvieron corriendo.<\/span><\/p>\n<\/p>\n<p><span class=\"text1noticias\">Aunque no precis\u00f3 fecha, si adelant\u00f3 que estar\u00e1 pronto en la pista corriendo oficialmente en el campeonato nacional Kendall de motocross, en las dos categor\u00edas de m\u00e1s cilndrajes, que son MX-1 y MX-2 para expertos.<\/span><\/p>\n<\/p>\n<p><span class=\"text1noticias\">Sin embargo dijo que espera competir en Bioj\u00f3, Santiago, el 23 de junio, pero, dej\u00f3 entrever que podr\u00eda estar antes, record\u00e1ndose que el evento sigue el 19 de mayo en La Barranquita Santiago y el 9 de junio en El Pino, La Vega.(hg).<\/span><\/p>\n<\/p>\n<\/p>\n<h6> 2013-05-07 19:20:00 <\/h6>\n<p><!--\n<link rel=\"stylesheet\" href=\"css\/bootstrap.min.css\">\n\n\n<ul class=\"pagination\">\n\t    \n\t\n\n<li >\n\t<a href='?page_no=20761'>Previous<\/a>\n\t<\/li>\n\n\n       \n    \n\n<li><a href='?page_no=1'>1<\/a><\/li>\n\n\n\n<li><a href='?page_no=2'>2<\/a><\/li>\n\n\n\n<li><a>...<\/a><\/li>\n\n\n\n<li><a href='?page_no=20760'>20760<\/a><\/li>\n\n\n\n<li><a href='?page_no=20761'>20761<\/a><\/li>\n\n\n\n<li class='active'><a>20762<\/a><\/li>\n\n\n\n<li><a href='?page_no=20763'>20763<\/a><\/li>\n\n\n\n<li><a href='?page_no=20764'>20764<\/a><\/li>\n\n\n\n<li><a>...<\/a><\/li>\n\n\n\n<li><a href='?page_no=36618'>36618<\/a><\/li>\n\n\n\n<li><a href='?page_no=36619'>36619<\/a><\/li>\n\n    \n\t\n\n<li >\n\t<a href='?page_no=20763'>Next<\/a>\n\t<\/li>\n\n\n    \n\n<li><a href='?page_no=36619'>Last &rsaquo;&rsaquo;<\/a><\/li>\n\n<\/ul>\n\n\n--><br \/>\n<\/body><\/p>\n","protected":false},"excerpt":{"rendered":"<p>SANTIAGO, RD, 7 de Mayo.-El doble campe\u00f3n nacional de motocross de las m\u00e1s altas categor\u00edas, Raynear Mej\u00eda, retorna a la pista luego de varios meses de inactividad por un grave accidente que tuvo en competencia en los Estados Unidos. Mej\u00eda pas\u00f3 muy bien la rehabilitaci\u00f3n a pesar de recibir serias operaciones, alegando en la actualidad [&hellip;]<\/p>\n","protected":false},"author":3,"featured_media":0,"comment_status":"open","ping_status":"open","sticky":false,"template":"","format":"standard","meta":{"footnotes":""},"categories":[17],"tags":[],"class_list":["post-213652","post","type-post","status-publish","format-standard","hentry","category-deportes"],"_links":{"self":[{"href":"https:\/\/diariodominicano.com\/index.php?rest_route=\/wp\/v2\/posts\/213652","targetHints":{"allow":["GET"]}}],"collection":[{"href":"https:\/\/diariodominicano.com\/index.php?rest_route=\/wp\/v2\/posts"}],"about":[{"href":"https:\/\/diariodominicano.com\/index.php?rest_route=\/wp\/v2\/types\/post"}],"author":[{"embeddable":true,"href":"https:\/\/diariodominicano.com\/index.php?rest_route=\/wp\/v2\/users\/3"}],"replies":[{"embeddable":true,"href":"https:\/\/diariodominicano.com\/index.php?rest_route=%2Fwp%2Fv2%2Fcomments&post=213652"}],"version-history":[{"count":0,"href":"https:\/\/diariodominicano.com\/index.php?rest_route=\/wp\/v2\/posts\/213652\/revisions"}],"wp:attachment":[{"href":"https:\/\/diariodominicano.com\/index.php?rest_route=%2Fwp%2Fv2%2Fmedia&parent=213652"}],"wp:term":[{"taxonomy":"category","embeddable":true,"href":"https:\/\/diariodominicano.com\/index.php?rest_route=%2Fwp%2Fv2%2Fcategories&post=213652"},{"taxonomy":"post_tag","embeddable":true,"href":"https:\/\/diariodominicano.com\/index.php?rest_route=%2Fwp%2Fv2%2Ftags&post=213652"}],"curies":[{"name":"wp","href":"https:\/\/api.w.org\/{rel}","templated":true}]}}