{"id":213651,"date":"2013-05-07T20:24:12","date_gmt":"2013-05-07T20:24:12","guid":{"rendered":"http:\/\/diariodominicano.ddns.net\/?p=213651"},"modified":"2013-05-07T20:24:12","modified_gmt":"2013-05-07T20:24:12","slug":"marlin-cabrera-vence-a-ruben-vicente-y-se-convierte-en-el-nuevo-campeon-latinoamericano","status":"publish","type":"post","link":"https:\/\/diariodominicano.com\/?p=213651","title":{"rendered":"Marl\u00edn Cabrera vence a Ruben Vicente y se convierte en el nuevo campe\u00f3n latinoamericano"},"content":{"rendered":"<p><body><\/p>\n<p><img decoding=\"async\" src=\"img3\/MARLIN.JPG\" \/>  <\/p>\n<p><span class=\"text1noticias\">Santiago, RD, 7 de Mayo.-Marlin Cabrera (La Maravilla) derrot\u00f3  por decisi\u00f3n dividida al capitalino Rub\u00e9n Vicente (El Rayito) en su pelea de nueve asaltos por el T\u00edtulo Latinoamericano en pesos pluma de las 126 libras, donde obtuvo la Faja avalada por la Asociaci\u00f3n Mundial de Boxeo (AMB),  en la cartelera denominada  \u00abPasa Tarde Box\u00edstico\u00bb, la cual tuvo como escenario el parque acu\u00e1tico de Santiago Andy Ranch.<\/span><\/p>\n<\/p>\n<p><span class=\"text1noticias\">Cabrera estuvo magistral a veces, con derechazos sordos y otros golpes, con los cuales se mantuvo siempre dominando la pelea sobre Vicente, quien fue un digno rival, \u00e9l cual fue vencido por decisi\u00f3n dividida y no por la v\u00eda del nocaut ni por decisi\u00f3n un\u00e1nime, como ha acostumbrado Marlin a veces sus oponentes.  <\/span><\/p>\n<\/p>\n<p><span class=\"text1noticias\">\u00abLa Maravilla, quien es el orgullo del Municipio de Villa Gonz\u00e1lez de la ciudad de Santiago es, el nuevo campe\u00f3n T\u00edtulo Latinoamericano AMB, en pesos pluma de las 126 libras con esa importante victoria mantiene su record positivo de manera invicto de 17-0, record que lo proyecta como la mejor promesa de la Rep\u00fablica Dominicana en su categor\u00eda\u00bb. <\/span><\/p>\n<\/p>\n<p><span class=\"text1noticias\">La cartelera que fue organizada por la Uni\u00f3n Nacional de Promotores, que dirigen los destacados t\u00e9cnicos Oscar N\u00fa\u00f1ez y Manuel Toribio, la misma cuent\u00f3 con el respaldo de los reconocidos empresarios y deportistas cibae\u00f1os Andr\u00e9s L\u00f3pez (El Chino) y Frank Aybar, de igual modo cont\u00f3  con el Aval de la Comisi\u00f3n Nacional de Boxeo Profesional, que preside el licenciado Franklin N\u00fa\u00f1ez y la Sub-comisi\u00f3n de la zona norte, que representa el ex boxeador profesional Carlos (El Chinito) Peralta.(HG).<\/span><\/p>\n<h6> 2013-05-07 20:24:12 <\/h6>\n<p><!--\n<link rel=\"stylesheet\" href=\"css\/bootstrap.min.css\">\n\n\n<ul class=\"pagination\">\n\t    \n\t\n\n<li >\n\t<a href='?page_no=20760'>Previous<\/a>\n\t<\/li>\n\n\n       \n    \n\n<li><a href='?page_no=1'>1<\/a><\/li>\n\n\n\n<li><a href='?page_no=2'>2<\/a><\/li>\n\n\n\n<li><a>...<\/a><\/li>\n\n\n\n<li><a href='?page_no=20759'>20759<\/a><\/li>\n\n\n\n<li><a href='?page_no=20760'>20760<\/a><\/li>\n\n\n\n<li class='active'><a>20761<\/a><\/li>\n\n\n\n<li><a href='?page_no=20762'>20762<\/a><\/li>\n\n\n\n<li><a href='?page_no=20763'>20763<\/a><\/li>\n\n\n\n<li><a>...<\/a><\/li>\n\n\n\n<li><a href='?page_no=36618'>36618<\/a><\/li>\n\n\n\n<li><a href='?page_no=36619'>36619<\/a><\/li>\n\n    \n\t\n\n<li >\n\t<a href='?page_no=20762'>Next<\/a>\n\t<\/li>\n\n\n    \n\n<li><a href='?page_no=36619'>Last &rsaquo;&rsaquo;<\/a><\/li>\n\n<\/ul>\n\n\n--><br \/>\n<\/body><\/p>\n","protected":false},"excerpt":{"rendered":"<p>Santiago, RD, 7 de Mayo.-Marlin Cabrera (La Maravilla) derrot\u00f3 por decisi\u00f3n dividida al capitalino Rub\u00e9n Vicente (El Rayito) en su pelea de nueve asaltos por el T\u00edtulo Latinoamericano en pesos pluma de las 126 libras, donde obtuvo la Faja avalada por la Asociaci\u00f3n Mundial de Boxeo (AMB), en la cartelera denominada \u00abPasa Tarde Box\u00edstico\u00bb, la [&hellip;]<\/p>\n","protected":false},"author":3,"featured_media":0,"comment_status":"open","ping_status":"open","sticky":false,"template":"","format":"standard","meta":{"footnotes":""},"categories":[17],"tags":[],"class_list":["post-213651","post","type-post","status-publish","format-standard","hentry","category-deportes"],"_links":{"self":[{"href":"https:\/\/diariodominicano.com\/index.php?rest_route=\/wp\/v2\/posts\/213651","targetHints":{"allow":["GET"]}}],"collection":[{"href":"https:\/\/diariodominicano.com\/index.php?rest_route=\/wp\/v2\/posts"}],"about":[{"href":"https:\/\/diariodominicano.com\/index.php?rest_route=\/wp\/v2\/types\/post"}],"author":[{"embeddable":true,"href":"https:\/\/diariodominicano.com\/index.php?rest_route=\/wp\/v2\/users\/3"}],"replies":[{"embeddable":true,"href":"https:\/\/diariodominicano.com\/index.php?rest_route=%2Fwp%2Fv2%2Fcomments&post=213651"}],"version-history":[{"count":0,"href":"https:\/\/diariodominicano.com\/index.php?rest_route=\/wp\/v2\/posts\/213651\/revisions"}],"wp:attachment":[{"href":"https:\/\/diariodominicano.com\/index.php?rest_route=%2Fwp%2Fv2%2Fmedia&parent=213651"}],"wp:term":[{"taxonomy":"category","embeddable":true,"href":"https:\/\/diariodominicano.com\/index.php?rest_route=%2Fwp%2Fv2%2Fcategories&post=213651"},{"taxonomy":"post_tag","embeddable":true,"href":"https:\/\/diariodominicano.com\/index.php?rest_route=%2Fwp%2Fv2%2Ftags&post=213651"}],"curies":[{"name":"wp","href":"https:\/\/api.w.org\/{rel}","templated":true}]}}