{"id":213648,"date":"2013-05-08T13:52:11","date_gmt":"2013-05-08T13:52:11","guid":{"rendered":"http:\/\/diariodominicano.ddns.net\/?p=213648"},"modified":"2013-05-08T13:52:11","modified_gmt":"2013-05-08T13:52:11","slug":"la-juvenil-yineisy-reyes-logra-oro-plata-y-bronce-en-el-mundial-que-se-celebra-en-peru","status":"publish","type":"post","link":"https:\/\/diariodominicano.com\/?p=213648","title":{"rendered":"La juvenil Yineisy Reyes logra oro, plata y bronce en el Mundial que se celebra en Per\u00fa"},"content":{"rendered":"<p><body><\/p>\n<p><img decoding=\"async\" src=\"img3\/medalla 8.jpeg\" \/>  <\/p>\n<p>Santo Domingo RD 8 mayo.- El empleo de la fuerza, de mucha fuerza, ha estado muy ligado a la vida de Yineisy Paola Reyes, la joven que ayer conquist\u00f3 oro, plata y bronce en el Mundial Juvenil de Levantamiento de Pesas que se realiza en Lima, Per\u00fa .<\/p>\n<\/p>\n<p>Hasta el a\u00f1o 2010, Yineisy sol\u00eda ayudar a su padre Rafael Reyes en las duras tareas de alba\u00f1iler\u00eda que \u00e9ste realiza mayormente en Cambita, San Crist\u00f3bal, de donde es oriunda la peque\u00f1a atleta de 5,1 de estatura .<\/p>\n<\/p>\n<p>En realidad lo que le gustaba era campo y pista, pero por su diminuto tama\u00f1o su entrenadora C\u00e1ndida Asencio tuvo la idea de hacerla cambiar de parecer y focalizar mejor su evidente fortaleza .<\/p>\n<\/p>\n<p>\u00abT\u00fa lo que das es para pesas\u00bb, le dijo en el 2010 C\u00e1ndida a Yineisy, quien se lo tom\u00f3 tan en serio que ese mismo a\u00f1o vino para la Capital y fue inscrita en el Liceo Uni\u00f3n Panamericana por la Federaci\u00f3n Dominicana de Pesas .<\/p>\n<\/p>\n<p>\u00abNo nos sorprende este logro hist\u00f3rico que acaba de conseguir Yineisi\u00bb, destac\u00f3 el presidente de ese organismo, William Ozuna. \u00abSu comportamiento es ejemplar y tiene grandes condiciones deportivas\u00bb .<\/p>\n<\/p>\n<p>La dominicana gan\u00f3 oro en arranque con 95 kilos, bronce en envi\u00f3n con 110 y plata en el total con 205 .<\/p>\n<\/p>\n<p>\u00abYo la he visto haciendo m\u00e1s de ah\u00ed\u00bb, manifest\u00f3 Ozuna. \u00abSi Dios quiere la veremos en los pr\u00f3ximos Juegos Ol\u00edmpicos junto a Yudelkis Contreras y Beatriz Pir\u00f3n\u00bb .<\/p>\n<\/p>\n<p>Yineisy, en los 58 kilogramos, se convirti\u00f3 en la segunda pesista quisqueyana que obtiene una medalla de oro en este nivel mundialista, igualando la haza\u00f1a que Ver\u00f3nica Salad\u00edn realiz\u00f3 hace dos a\u00f1os en el Mundial de Guatemala. Ozuna recuerda que con apenas meses dentro del mundo de las pesas, esta nueva portenta del deporte dominicano particip\u00f3 en las Olimp\u00edadas Mundiales de la Juventud y concluy\u00f3 en cuarto lugar .<\/p>\n<\/p>\n<p>\u00abEl miedo esc\u00e9nico la traicion\u00f3\u00bb, recuerda Ozuna sobre un factor que entiende le impidi\u00f3 subir al podium en esa ocasi\u00f3n .<\/p>\n<\/p>\n<p>Las tres preseas que alcanz\u00f3 ahora, sumadas a las tres de plata conseguidas el lunes por Pir\u00f3n le permitieron a la dominicana totalizar seis en el campeonato que concluye el viernes, una marca en sus participaciones en los Mundiales Juveniles .<\/p>\n<\/p>\n<p>DOCE MEDALLAS DESDE 1998 <\/p>\n<p>Rep\u00fablica Dominicana gan\u00f3 en el 2005 su primera medalla en un Mundial Juvenil, y desde entonces totaliza 12 en esas citas .<\/p>\n<\/p>\n<p>Wanda Rijo fue la pionera cuando gan\u00f3 dos de plata en el Mundial Juvenil de Atlanta ?98, con alzadas de 95 en arranque y 122 en envi\u00f3n. Posteriormente, Rijo fue doble campeona en Juegos Panamericanos, en los 75 kilogramos (Winnipeg-99 y Santo Domingo-2003) y m\u00faltiple medallista de oro en Juegos Centroamericanos y del Caribe .<\/p>\n<\/p>\n<p>Yudelkis Contreras, petromarisana como Rijo y Pir\u00f3n, se adue\u00f1\u00f3 de las plata en los 53 kilogramos del Mundial de China en el 2005. Logr\u00f3 92 en arranque, 111 en envi\u00f3n y 203 en el total .<\/p>\n<\/p>\n<p>Luego le toc\u00f3 el turno a la seibana Ver\u00f3nica Salad\u00edn, quien en el 2011 hab\u00eda sido la pionera ganando la primera medalla dorada, con 108 kilos en arranque, durante el Mundial de Guatemala. Compiti\u00f3 en m\u00e1s de 75 kilogramos  .<\/p>\n<\/p>\n<p>El s\u00e1bado llegaron las tres de plata de Pir\u00f3n Candelario en 48 kilogramos , con 77 y en envi\u00f3n con 95 en arranque y totales de 172 .<\/p>\n<\/p>\n<h6> 2013-05-08 13:52:11 <\/h6>\n<p><!--\n<link rel=\"stylesheet\" href=\"css\/bootstrap.min.css\">\n\n\n<ul class=\"pagination\">\n\t    \n\t\n\n<li >\n\t<a href='?page_no=20757'>Previous<\/a>\n\t<\/li>\n\n\n       \n    \n\n<li><a href='?page_no=1'>1<\/a><\/li>\n\n\n\n<li><a href='?page_no=2'>2<\/a><\/li>\n\n\n\n<li><a>...<\/a><\/li>\n\n\n\n<li><a href='?page_no=20756'>20756<\/a><\/li>\n\n\n\n<li><a href='?page_no=20757'>20757<\/a><\/li>\n\n\n\n<li class='active'><a>20758<\/a><\/li>\n\n\n\n<li><a href='?page_no=20759'>20759<\/a><\/li>\n\n\n\n<li><a href='?page_no=20760'>20760<\/a><\/li>\n\n\n\n<li><a>...<\/a><\/li>\n\n\n\n<li><a href='?page_no=36618'>36618<\/a><\/li>\n\n\n\n<li><a href='?page_no=36619'>36619<\/a><\/li>\n\n    \n\t\n\n<li >\n\t<a href='?page_no=20759'>Next<\/a>\n\t<\/li>\n\n\n    \n\n<li><a href='?page_no=36619'>Last &rsaquo;&rsaquo;<\/a><\/li>\n\n<\/ul>\n\n\n--><br \/>\n<\/body><\/p>\n","protected":false},"excerpt":{"rendered":"<p>Santo Domingo RD 8 mayo.- El empleo de la fuerza, de mucha fuerza, ha estado muy ligado a la vida de Yineisy Paola Reyes, la joven que ayer conquist\u00f3 oro, plata y bronce en el Mundial Juvenil de Levantamiento de Pesas que se realiza en Lima, Per\u00fa . Hasta el a\u00f1o 2010, Yineisy sol\u00eda ayudar [&hellip;]<\/p>\n","protected":false},"author":3,"featured_media":0,"comment_status":"open","ping_status":"open","sticky":false,"template":"","format":"standard","meta":{"footnotes":""},"categories":[17],"tags":[],"class_list":["post-213648","post","type-post","status-publish","format-standard","hentry","category-deportes"],"_links":{"self":[{"href":"https:\/\/diariodominicano.com\/index.php?rest_route=\/wp\/v2\/posts\/213648","targetHints":{"allow":["GET"]}}],"collection":[{"href":"https:\/\/diariodominicano.com\/index.php?rest_route=\/wp\/v2\/posts"}],"about":[{"href":"https:\/\/diariodominicano.com\/index.php?rest_route=\/wp\/v2\/types\/post"}],"author":[{"embeddable":true,"href":"https:\/\/diariodominicano.com\/index.php?rest_route=\/wp\/v2\/users\/3"}],"replies":[{"embeddable":true,"href":"https:\/\/diariodominicano.com\/index.php?rest_route=%2Fwp%2Fv2%2Fcomments&post=213648"}],"version-history":[{"count":0,"href":"https:\/\/diariodominicano.com\/index.php?rest_route=\/wp\/v2\/posts\/213648\/revisions"}],"wp:attachment":[{"href":"https:\/\/diariodominicano.com\/index.php?rest_route=%2Fwp%2Fv2%2Fmedia&parent=213648"}],"wp:term":[{"taxonomy":"category","embeddable":true,"href":"https:\/\/diariodominicano.com\/index.php?rest_route=%2Fwp%2Fv2%2Fcategories&post=213648"},{"taxonomy":"post_tag","embeddable":true,"href":"https:\/\/diariodominicano.com\/index.php?rest_route=%2Fwp%2Fv2%2Ftags&post=213648"}],"curies":[{"name":"wp","href":"https:\/\/api.w.org\/{rel}","templated":true}]}}