{"id":213642,"date":"2013-05-08T18:11:14","date_gmt":"2013-05-08T18:11:14","guid":{"rendered":"http:\/\/diariodominicano.ddns.net\/?p=213642"},"modified":"2013-05-08T18:11:14","modified_gmt":"2013-05-08T18:11:14","slug":"fedoclubes-reconoce-empresario-carlos-gomez","status":"publish","type":"post","link":"https:\/\/diariodominicano.com\/?p=213642","title":{"rendered":"Fedoclubes reconoce empresario Carlos G\u00f3mez&#13;&#13;"},"content":{"rendered":"<p><body><\/p>\n<p><img decoding=\"async\" src=\"img3\/cago.jpg\" \/>  <\/p>\n<p><span class=\"text1noticias\">Santo Domingo, RD, 8 de Mayo.-El empresario Carlos G\u00f3mez fue reconocido este domingo por la Federaci\u00f3n Dominicana de Clubes (Fedoclubes) en su tradicional XXll premiaci\u00f3n El Clubista del A\u00f1o.<\/span><\/p>\n<\/p>\n<p><span class=\"text1noticias\">A G\u00f3mez le fue entregada una placa que lo acredita como la Personalidad del A\u00f1o.<\/span><\/p>\n<\/p>\n<p><span class=\"text1noticias\">La entidad tambi\u00e9n reconoci\u00f3 como Empresario del A\u00f1o a Fabian Rijo de la Rosa (Faelo), presidente de la agencia de cambio Rijo y Asociados.<\/span><\/p>\n<\/p>\n<p><span class=\"text1noticias\">La actividad tuvo lugar en el Club del Legislador, de Santo Domingo Este, con la presencia de connotadas personalidades del \u00e1mbito social y deportivo de la Rep\u00fablica Dominicana.<\/span><\/p>\n<\/p>\n<p><span class=\"text1noticias\">El acto protocolar incluy\u00f3 un minuto de aplauso en memoria de los clubistas y deportistas recientemente fallecidos.<\/span><\/p>\n<\/p>\n<p><span class=\"text1noticias\">El discurso de apertura estuvo a cargo del presidente de Fedoclubes, Roberto Ramirez.<\/span><\/p>\n<\/p>\n<p><span class=\"text1noticias\">Durante el evento, se entregaron placas de reconocimiento al Club de Ajedrez Los Guaricanos, reconocido como el Club del A\u00f1o; a H\u00e9ctor Tito Pereyra, presidente de la Federaci\u00f3n Dominicana de Beisbol y elegido como el Dirigente Deportivo del A\u00f1o; a la Asociaci\u00f3n de Baloncesto de Santiago (Abasaca), Asociaci\u00f3n Deportiva del A\u00f1o, y a Alejandrina Germ\u00e1n, ministra de la Mujer, premiada como la Excelencia del A\u00f1o.<\/span><\/p>\n<\/p>\n<p><span class=\"text1noticias\">As\u00edmismo, recibieron distinciones Miguel Angel Marte, presidente del Club San L\u00e1zaro, como el Clubista del A\u00f1o; Jos\u00e9 Pio Santana, del programa de radio Bloque Pio deportes, como el Cronista Deportivo del A\u00f1o; Ram\u00f3n Rodriguez, administrador general de los Comedores Economicos, como el Funcionario del A\u00f1o, y Jhonny Jones, secretario general de la Liga Municipal, como el Propulsor del A\u00f1o.(HG)<\/span>.<\/p>\n<\/p>\n<h6> 2013-05-08 18:11:14 <\/h6>\n<p><!--\n<link rel=\"stylesheet\" href=\"css\/bootstrap.min.css\">\n\n\n<ul class=\"pagination\">\n\t    \n\t\n\n<li >\n\t<a href='?page_no=20751'>Previous<\/a>\n\t<\/li>\n\n\n       \n    \n\n<li><a href='?page_no=1'>1<\/a><\/li>\n\n\n\n<li><a href='?page_no=2'>2<\/a><\/li>\n\n\n\n<li><a>...<\/a><\/li>\n\n\n\n<li><a href='?page_no=20750'>20750<\/a><\/li>\n\n\n\n<li><a href='?page_no=20751'>20751<\/a><\/li>\n\n\n\n<li class='active'><a>20752<\/a><\/li>\n\n\n\n<li><a href='?page_no=20753'>20753<\/a><\/li>\n\n\n\n<li><a href='?page_no=20754'>20754<\/a><\/li>\n\n\n\n<li><a>...<\/a><\/li>\n\n\n\n<li><a href='?page_no=36618'>36618<\/a><\/li>\n\n\n\n<li><a href='?page_no=36619'>36619<\/a><\/li>\n\n    \n\t\n\n<li >\n\t<a href='?page_no=20753'>Next<\/a>\n\t<\/li>\n\n\n    \n\n<li><a href='?page_no=36619'>Last &rsaquo;&rsaquo;<\/a><\/li>\n\n<\/ul>\n\n\n--><br \/>\n<\/body><\/p>\n","protected":false},"excerpt":{"rendered":"<p>Santo Domingo, RD, 8 de Mayo.-El empresario Carlos G\u00f3mez fue reconocido este domingo por la Federaci\u00f3n Dominicana de Clubes (Fedoclubes) en su tradicional XXll premiaci\u00f3n El Clubista del A\u00f1o. A G\u00f3mez le fue entregada una placa que lo acredita como la Personalidad del A\u00f1o. La entidad tambi\u00e9n reconoci\u00f3 como Empresario del A\u00f1o a Fabian Rijo [&hellip;]<\/p>\n","protected":false},"author":3,"featured_media":0,"comment_status":"open","ping_status":"open","sticky":false,"template":"","format":"standard","meta":{"footnotes":""},"categories":[17],"tags":[],"class_list":["post-213642","post","type-post","status-publish","format-standard","hentry","category-deportes"],"_links":{"self":[{"href":"https:\/\/diariodominicano.com\/index.php?rest_route=\/wp\/v2\/posts\/213642","targetHints":{"allow":["GET"]}}],"collection":[{"href":"https:\/\/diariodominicano.com\/index.php?rest_route=\/wp\/v2\/posts"}],"about":[{"href":"https:\/\/diariodominicano.com\/index.php?rest_route=\/wp\/v2\/types\/post"}],"author":[{"embeddable":true,"href":"https:\/\/diariodominicano.com\/index.php?rest_route=\/wp\/v2\/users\/3"}],"replies":[{"embeddable":true,"href":"https:\/\/diariodominicano.com\/index.php?rest_route=%2Fwp%2Fv2%2Fcomments&post=213642"}],"version-history":[{"count":0,"href":"https:\/\/diariodominicano.com\/index.php?rest_route=\/wp\/v2\/posts\/213642\/revisions"}],"wp:attachment":[{"href":"https:\/\/diariodominicano.com\/index.php?rest_route=%2Fwp%2Fv2%2Fmedia&parent=213642"}],"wp:term":[{"taxonomy":"category","embeddable":true,"href":"https:\/\/diariodominicano.com\/index.php?rest_route=%2Fwp%2Fv2%2Fcategories&post=213642"},{"taxonomy":"post_tag","embeddable":true,"href":"https:\/\/diariodominicano.com\/index.php?rest_route=%2Fwp%2Fv2%2Ftags&post=213642"}],"curies":[{"name":"wp","href":"https:\/\/api.w.org\/{rel}","templated":true}]}}