{"id":213639,"date":"2013-05-08T21:45:15","date_gmt":"2013-05-08T21:45:15","guid":{"rendered":"http:\/\/diariodominicano.ddns.net\/?p=213639"},"modified":"2013-05-08T21:45:15","modified_gmt":"2013-05-08T21:45:15","slug":"cuba-y-venezuela-desarrollaran-deporte-en-frontera-dominicana-haiti","status":"publish","type":"post","link":"https:\/\/diariodominicano.com\/?p=213639","title":{"rendered":"Cuba y Venezuela desarrollar\u00e1n deporte en frontera Dominicana-Hait\u00ed"},"content":{"rendered":"<p><body><\/p>\n<p><span class=\"text1noticias\">Santo Domingo,  RD, 8 may (PL) Nueve entrenadores cubanos y un venezolano proyectan este Mi?0rcoles acciones para desarrollar el deporte en zonas de la frontera de Rep\u00fablica Dominicana y Hait\u00ed a partir de la voluntad gubernamental de estos pa\u00edses.<\/span><\/p>\n<\/p>\n<p><span class=\"text1noticias\">Los t\u00e9cnicos, quienes laboran en las provincias dominicanas de Dajab\u00f3n, El\u00edas Pi\u00f1a, Independencia y Pedernales, tienen en su poder la visa para cruzar la l\u00ednea divisoria de las dos naciones que ocupan la caribe\u00f1a isla de La Espa\u00f1ola.<\/span><\/p>\n<\/p>\n<p><span class=\"text1noticias\">El ministro dominicano de Deportes, Jaime David Fern\u00e1ndez; y la titular haitiana de la Juventud, Deportes y Acci\u00f3n C\u00edvica, Magalie Adolphe Racine, abordaron ayer en la localidad de Jiman\u00ed, cabecera de Independencia, varias propuestas de programas comunes.<\/span><\/p>\n<\/p>\n<p><span class=\"text1noticias\">Racine destac\u00f3 el gesto de solidaridad de los gobiernos y pueblos dominicanos, cubanos y venezolanos por esta iniciativa a favor del deporte.<\/span><\/p>\n<\/p>\n<p><span class=\"text1noticias\">Siento en el coraz\u00f3n este ejercicio de voluntad y trabajo que producir\u00e1 muchos resultados, especialmente en la juventud de la frontera, agreg\u00f3.<\/span><\/p>\n<\/p>\n<p><span class=\"text1noticias\">A juicio de Fern\u00e1ndez, este proyecto com\u00fan entre Hait\u00ed, Rep\u00fablica Dominicana y Cuba, al que se agrega Venezuela, est\u00e1 llamado a ser un s\u00edmbolo de cooperaci\u00f3n para el desarrollo de la actividad f\u00edsica.<\/span><\/p>\n<\/p>\n<p><span class=\"text1noticias\">Dominicana y Hait\u00ed firmaron en enero pasado la Declaraci\u00f3n de Jiman\u00ed que establece reconocer el compromiso de ambos en promover, fomentar y desarrollar la pr\u00e1ctica deportiva bajo un modelo de integraci\u00f3n dirigido de manera especial a las zonas fronterizas.<\/span><\/p>\n<\/p>\n<p><span class=\"text1noticias\">Con este paso, se\u00f1ala el texto, ocurrir\u00e1 de manera continua la celebraci\u00f3n de los Juegos Binacionales de Confraternidad en aras de masificar el deporte y ampliar el esp\u00edritu de la solidaridad ol\u00edmpica.<\/span><\/p>\n<\/p>\n<p><span class=\"text1noticias\">A la r\u00fabrica del documento asistieron los presidentes del Comit\u00e9 Ol\u00edmpico de cada pa\u00eds, Luis Mej\u00eda y Jean Edouard Baker, y los embajadores de Cuba en Santo Domingo y Puerto Pr\u00edncipe, Alexis Bandrich y Ricardo Garc\u00eda, por ese orden.<\/span><\/p>\n<\/p>\n<p><span class=\"text1noticias\">Tambi\u00e9n estuvieron presentes el jefe de la misi\u00f3n diplom\u00e1tica dominicana en Puerto Pr\u00edncipe, Rub\u00e9n Sili\u00e9, y su hom\u00f3logo haitiano en Santo Domingo, Fritz Cineas.(HG)<\/span>.<\/p>\n<\/p>\n<h6> 2013-05-08 21:45:15 <\/h6>\n<p><!--\n<link rel=\"stylesheet\" href=\"css\/bootstrap.min.css\">\n\n\n<ul class=\"pagination\">\n\t    \n\t\n\n<li >\n\t<a href='?page_no=20748'>Previous<\/a>\n\t<\/li>\n\n\n       \n    \n\n<li><a href='?page_no=1'>1<\/a><\/li>\n\n\n\n<li><a href='?page_no=2'>2<\/a><\/li>\n\n\n\n<li><a>...<\/a><\/li>\n\n\n\n<li><a href='?page_no=20747'>20747<\/a><\/li>\n\n\n\n<li><a href='?page_no=20748'>20748<\/a><\/li>\n\n\n\n<li class='active'><a>20749<\/a><\/li>\n\n\n\n<li><a href='?page_no=20750'>20750<\/a><\/li>\n\n\n\n<li><a href='?page_no=20751'>20751<\/a><\/li>\n\n\n\n<li><a>...<\/a><\/li>\n\n\n\n<li><a href='?page_no=36618'>36618<\/a><\/li>\n\n\n\n<li><a href='?page_no=36619'>36619<\/a><\/li>\n\n    \n\t\n\n<li >\n\t<a href='?page_no=20750'>Next<\/a>\n\t<\/li>\n\n\n    \n\n<li><a href='?page_no=36619'>Last &rsaquo;&rsaquo;<\/a><\/li>\n\n<\/ul>\n\n\n--><br \/>\n<\/body><\/p>\n","protected":false},"excerpt":{"rendered":"<p>Santo Domingo, RD, 8 may (PL) Nueve entrenadores cubanos y un venezolano proyectan este Mi?0rcoles acciones para desarrollar el deporte en zonas de la frontera de Rep\u00fablica Dominicana y Hait\u00ed a partir de la voluntad gubernamental de estos pa\u00edses. Los t\u00e9cnicos, quienes laboran en las provincias dominicanas de Dajab\u00f3n, El\u00edas Pi\u00f1a, Independencia y Pedernales, tienen [&hellip;]<\/p>\n","protected":false},"author":3,"featured_media":0,"comment_status":"open","ping_status":"open","sticky":false,"template":"","format":"standard","meta":{"footnotes":""},"categories":[17],"tags":[],"class_list":["post-213639","post","type-post","status-publish","format-standard","hentry","category-deportes"],"_links":{"self":[{"href":"https:\/\/diariodominicano.com\/index.php?rest_route=\/wp\/v2\/posts\/213639","targetHints":{"allow":["GET"]}}],"collection":[{"href":"https:\/\/diariodominicano.com\/index.php?rest_route=\/wp\/v2\/posts"}],"about":[{"href":"https:\/\/diariodominicano.com\/index.php?rest_route=\/wp\/v2\/types\/post"}],"author":[{"embeddable":true,"href":"https:\/\/diariodominicano.com\/index.php?rest_route=\/wp\/v2\/users\/3"}],"replies":[{"embeddable":true,"href":"https:\/\/diariodominicano.com\/index.php?rest_route=%2Fwp%2Fv2%2Fcomments&post=213639"}],"version-history":[{"count":0,"href":"https:\/\/diariodominicano.com\/index.php?rest_route=\/wp\/v2\/posts\/213639\/revisions"}],"wp:attachment":[{"href":"https:\/\/diariodominicano.com\/index.php?rest_route=%2Fwp%2Fv2%2Fmedia&parent=213639"}],"wp:term":[{"taxonomy":"category","embeddable":true,"href":"https:\/\/diariodominicano.com\/index.php?rest_route=%2Fwp%2Fv2%2Fcategories&post=213639"},{"taxonomy":"post_tag","embeddable":true,"href":"https:\/\/diariodominicano.com\/index.php?rest_route=%2Fwp%2Fv2%2Ftags&post=213639"}],"curies":[{"name":"wp","href":"https:\/\/api.w.org\/{rel}","templated":true}]}}