{"id":213634,"date":"2013-05-09T14:09:22","date_gmt":"2013-05-09T14:09:22","guid":{"rendered":"http:\/\/diariodominicano.ddns.net\/?p=213634"},"modified":"2013-05-09T14:09:22","modified_gmt":"2013-05-09T14:09:22","slug":"panam-triatlon-inicia-sabado-con-la-participacion-de-12-paises","status":"publish","type":"post","link":"https:\/\/diariodominicano.com\/?p=213634","title":{"rendered":"Panam Triatl\u00f3n inicia s\u00e1bado con la participaci\u00f3n de 12 pa\u00edses"},"content":{"rendered":"<p><body><\/p>\n<p>Santo Domingo RD 9 mayo.- Un total de 12 paises estar\u00e1n participando a partir de este s\u00e1bado en la Copa Panamericana y Campeonato Centroamericano y el Caribe de Triatl\u00f3n, teniendo como anfitri\u00f3n a la Rep\u00fablica Dominicana, eventos que tendr\u00e1n como escenarios la playa y boulevard de Guayacanes, Juan Dolio.<\/p>\n<\/p>\n<p>\u00abEs un evento de mucho nivel t\u00e9cnico  y organizativo con atletas de diferentes nacionales  con vasta experiencia\u00bb, expres\u00f3 Luis Tom?s M\u00e9ndez, presidente del Comit\u00cb Organizador de ese certamen.  <\/p>\n<\/p>\n<p>En la justa se competir\u00e1 en las categor\u00edas 14-15 a\u00f1os, 16-19, 20-24, 25-29, 30-34, 35-39, 40-44, 45-49, 50-54, 55-59 y 60 \u00f3 m\u00e1s, entre las naciones que actuar\u00e1n se destacan, Estados Unidos, Brasil, Argentina, Cuba, Venezuela, Colombia, Puerto Rico, Costa Rica, Islas V\u00edrgenes, Trinidad y Tobago y Jamaica.<\/p>\n<\/p>\n<p>El Centroamericano y del Caribe ser\u00e1 celebrado el s\u00e1bado, programado para comenzar en horas de la ma\u00f1ana, luego del acto protocolar de inauguraci\u00f3n. Mientras que la Copa Panamericana ser\u00e1 realizada el domingo, en que estar\u00e1n participando los mejores exponentes del triatl\u00f3n en el continente, donde muchos de ellos han representado sus respectivos pa\u00edses en los Juegos Ol\u00edmpicos.<\/p>\n<\/p>\n<p>\u00abNuestro deseo es que nuestros atletas pueden lograr muy buenas posiciones, con miras a los pr\u00f3ximos compromisos internacionales\u00bb, dijo Mend\u00e9z, quien es el triatleta de mayor tiempo con tres d\u00e9cadas acumuladas en ese<\/p>\n<\/p>\n<p>Como delegados internacionales estar\u00e1n los  mexicanos Yolanda Ibarra y Mauricio Zaragoza.<\/p>\n<\/p>\n<p>El hotel Costa Caribe ser\u00e1 la sede del evento, que ser\u00e1 clasificatorio para la Copa Panamericana Junior que se realizar\u00e1 en agosto de este a\u00f1o en Canad\u00e1 y otorga plazas para los Juegos Centroamericanos y del Caribe, que se har\u00e1 en la ciudad de Veracruz, en M\u00e9xico.<\/p>\n<\/p>\n<p>La Copa Panamericana de Triatl\u00f3n cuenta con el aval de la Confederaci\u00f3n Panamericana (Patco) y la Uni\u00f3n Internacional (Itu) de esa disciplina.<\/p>\n<\/p>\n<p>Apunt\u00f3 que el preseleccionado nacional est\u00e1 en muy buenas condiciones, debido a la preparaci\u00f3n que ha sostenido en los \u00faltimos meses.<\/p>\n<h6> 2013-05-09 14:09:22 <\/h6>\n<p><!--\n<link rel=\"stylesheet\" href=\"css\/bootstrap.min.css\">\n\n\n<ul class=\"pagination\">\n\t    \n\t\n\n<li >\n\t<a href='?page_no=20743'>Previous<\/a>\n\t<\/li>\n\n\n       \n    \n\n<li><a href='?page_no=1'>1<\/a><\/li>\n\n\n\n<li><a href='?page_no=2'>2<\/a><\/li>\n\n\n\n<li><a>...<\/a><\/li>\n\n\n\n<li><a href='?page_no=20742'>20742<\/a><\/li>\n\n\n\n<li><a href='?page_no=20743'>20743<\/a><\/li>\n\n\n\n<li class='active'><a>20744<\/a><\/li>\n\n\n\n<li><a href='?page_no=20745'>20745<\/a><\/li>\n\n\n\n<li><a href='?page_no=20746'>20746<\/a><\/li>\n\n\n\n<li><a>...<\/a><\/li>\n\n\n\n<li><a href='?page_no=36618'>36618<\/a><\/li>\n\n\n\n<li><a href='?page_no=36619'>36619<\/a><\/li>\n\n    \n\t\n\n<li >\n\t<a href='?page_no=20745'>Next<\/a>\n\t<\/li>\n\n\n    \n\n<li><a href='?page_no=36619'>Last &rsaquo;&rsaquo;<\/a><\/li>\n\n<\/ul>\n\n\n--><br \/>\n<\/body><\/p>\n","protected":false},"excerpt":{"rendered":"<p>Santo Domingo RD 9 mayo.- Un total de 12 paises estar\u00e1n participando a partir de este s\u00e1bado en la Copa Panamericana y Campeonato Centroamericano y el Caribe de Triatl\u00f3n, teniendo como anfitri\u00f3n a la Rep\u00fablica Dominicana, eventos que tendr\u00e1n como escenarios la playa y boulevard de Guayacanes, Juan Dolio. \u00abEs un evento de mucho nivel [&hellip;]<\/p>\n","protected":false},"author":3,"featured_media":0,"comment_status":"open","ping_status":"open","sticky":false,"template":"","format":"standard","meta":{"footnotes":""},"categories":[17],"tags":[],"class_list":["post-213634","post","type-post","status-publish","format-standard","hentry","category-deportes"],"_links":{"self":[{"href":"https:\/\/diariodominicano.com\/index.php?rest_route=\/wp\/v2\/posts\/213634","targetHints":{"allow":["GET"]}}],"collection":[{"href":"https:\/\/diariodominicano.com\/index.php?rest_route=\/wp\/v2\/posts"}],"about":[{"href":"https:\/\/diariodominicano.com\/index.php?rest_route=\/wp\/v2\/types\/post"}],"author":[{"embeddable":true,"href":"https:\/\/diariodominicano.com\/index.php?rest_route=\/wp\/v2\/users\/3"}],"replies":[{"embeddable":true,"href":"https:\/\/diariodominicano.com\/index.php?rest_route=%2Fwp%2Fv2%2Fcomments&post=213634"}],"version-history":[{"count":0,"href":"https:\/\/diariodominicano.com\/index.php?rest_route=\/wp\/v2\/posts\/213634\/revisions"}],"wp:attachment":[{"href":"https:\/\/diariodominicano.com\/index.php?rest_route=%2Fwp%2Fv2%2Fmedia&parent=213634"}],"wp:term":[{"taxonomy":"category","embeddable":true,"href":"https:\/\/diariodominicano.com\/index.php?rest_route=%2Fwp%2Fv2%2Fcategories&post=213634"},{"taxonomy":"post_tag","embeddable":true,"href":"https:\/\/diariodominicano.com\/index.php?rest_route=%2Fwp%2Fv2%2Ftags&post=213634"}],"curies":[{"name":"wp","href":"https:\/\/api.w.org\/{rel}","templated":true}]}}