{"id":213629,"date":"2013-05-09T22:04:12","date_gmt":"2013-05-09T22:04:12","guid":{"rendered":"http:\/\/diariodominicano.ddns.net\/?p=213629"},"modified":"2013-05-09T22:04:12","modified_gmt":"2013-05-09T22:04:12","slug":"seminario-taller-buscar-dar-apertura-tribunal-de-arbitraje","status":"publish","type":"post","link":"https:\/\/diariodominicano.com\/?p=213629","title":{"rendered":"Seminario taller buscar dar apertura Tribunal de Arbitraje"},"content":{"rendered":"<p><body><\/p>\n<p><img decoding=\"async\" src=\"http:\/\/localhost:8080\/img3\/Samuel.JPG\" \/>  <\/p>\n<p><span class=\"text1noticias\">Santo Domingo, RD, 9 de Mayo.-El presidente del Comit\u00e9 Ol\u00edmpico Dominicano (COD), Luis Mej\u00eda se\u00f1al\u00f3 que el seminario taller sobre Tribunal de Arbitraje y Conciliaci\u00f3n Deportiva busca crear las condiciones, herramientas y facilidades para dar apertura al Tribunal Deportivo en el pa\u00eds.<\/span><\/p>\n<\/p>\n<p><span class=\"text1noticias\">Mej\u00eda, quien se refiri\u00f3 en esos t\u00e9rminos en la apertura ayer jueves del seminario taller, explic\u00f3 que este encuentro de preparaci\u00f3n tiene como finalidad dar solidez y garant\u00eda de fortaleza al movimiento deportivo.<\/span><\/p>\n<\/p>\n<p><span class=\"text1noticias\">\u00abEl deporte es el mejor instrumento que tiene esta sociedad como modelo de superaci\u00f3n. El Comit\u00e9 Ol\u00edmpico ha entendido al tomar esta decisi\u00f3n, que es la de poner a rodar el Tribunal Arbitral\u00bb, se\u00f1al\u00f3 Mej\u00eda.<\/span><\/p>\n<\/p>\n<p><span class=\"text1noticias\">El seminario taller sobre Tribunal de Arbitraje y Conciliaci\u00f3n Deportiva cuenta con el respaldo del Comit\u00e9 Ol\u00edmpico Dominicano (COD) a trav\u00e9s del programa Solidaridad Ol\u00edmpica Internacional, y se extender\u00e1 hasta el s\u00e1bado en horas de la tarde.<\/span><\/p>\n<\/p>\n<p><span class=\"text1noticias\">El presidente del COD, quien motiv\u00f3 la celebraci\u00f3n del seminario taller, explic\u00f3 que cada federaci\u00f3n deportiva nacional es aut\u00f3noma y que el COD no puede intervenir en los conflictos o diferencias que existan entre sus directivos.<\/span><\/p>\n<\/p>\n<p><span class=\"text1noticias\">Record\u00f3 que desde el 2004 hasta la fecha, un total de 12 federaciones han pasado por el COD tratando de buscar soluciones a diversos conflictos y que 11 de ellas tienen en la actualidad nuevos presidentes.<\/span><\/p>\n<p><span class=\"text1noticias\">\u00abHemos estado superando obst\u00e1culos y diferencias, en la actualidad hay un espacio de tranquilidad\u00bb, agreg\u00f3 Mej\u00eda.<\/span><\/p>\n<\/p>\n<p><span class=\"text1noticias\">El catedr\u00e1tico de derecho deportivo, el doctor Andreu Camps Povill, as\u00ed como el jurista Samuel Arias Arzeno, miembro del Consejo del Poder Judicial, ser\u00e1n los facilitadores del seminario taller sobre Tribunal de Arbitraje y Conciliaci\u00f3n Deportiva que se celebra en el sal\u00f3n Juan Ulises Garc\u00eda Saleta del COD.<\/span><\/p>\n<\/p>\n<p><span class=\"text1noticias\">Visita a la Suprema Corte de Justicia<\/span><\/p>\n<\/p>\n<p><span class=\"text1noticias\">Miembros del Comit\u00e9 Ol\u00edmpico Dominicano (COD), junto al jurista espa\u00f1ol Andreu Camps Povill, giraron una visita de cortes\u00eda este jueves al doctor Mariano Germ\u00e1n, presidente de la Suprema Corte de Justicia. En la visita, Povill resalt\u00f3 la iniciativa del COD en la creaci\u00f3n Tribunal de Arbitraje y Conciliaci\u00f3n Deportiva, mientras que Germ\u00e1n indic\u00f3 que las cosas deber\u00e1n cambiar en el deporte con este proyecto.<\/span><\/p>\n<\/p>\n<p><span class=\"text1noticias\">\u00abLa creaci\u00f3n de este Tribunal Arbitral Deportivo es una gran iniciativa del Comit\u00e9 Ol\u00edmpico Dominicano porque se pone acorde con lo que est\u00e1 aconteciendo en el mundo\u00bb, sostuvo Camps Povill, mientras que  Germ\u00e1n agreg\u00f3: \u00abSiempre he entendido que los conflictos del deporte no deben ir a la justicia ordinaria y con la creaci\u00f3n de este Tribunal Arbitral del Deporte, las cosas deber\u00e1n cambiar\u00bb.<\/span><\/p>\n<\/p>\n<p><span class=\"text1noticias\">La comitiva estuvo integrada por Luis Mej\u00eda y Antonio Acosta, presidente y secretario general del COD, respectivamente; Nelly Manuel Do\u00f1\u00e9 y Radam\u00e9s Tavarez, miembros del ejecutivo del COD, as\u00ed como Ginette D\u00edaz Soto, consultora legal del COD, as\u00ed como el jurista Samuel Arias.(HG)<\/span>.<\/p>\n<h6> 2013-05-09 22:04:12 <\/h6>\n<p><!--\n<link rel=\"stylesheet\" href=\"css\/bootstrap.min.css\">\n\n\n<ul class=\"pagination\">\n\t    \n\t\n\n<li >\n\t<a href='?page_no=20738'>Previous<\/a>\n\t<\/li>\n\n\n       \n    \n\n<li><a href='?page_no=1'>1<\/a><\/li>\n\n\n\n<li><a href='?page_no=2'>2<\/a><\/li>\n\n\n\n<li><a>...<\/a><\/li>\n\n\n\n<li><a href='?page_no=20737'>20737<\/a><\/li>\n\n\n\n<li><a href='?page_no=20738'>20738<\/a><\/li>\n\n\n\n<li class='active'><a>20739<\/a><\/li>\n\n\n\n<li><a href='?page_no=20740'>20740<\/a><\/li>\n\n\n\n<li><a href='?page_no=20741'>20741<\/a><\/li>\n\n\n\n<li><a>...<\/a><\/li>\n\n\n\n<li><a href='?page_no=36618'>36618<\/a><\/li>\n\n\n\n<li><a href='?page_no=36619'>36619<\/a><\/li>\n\n    \n\t\n\n<li >\n\t<a href='?page_no=20740'>Next<\/a>\n\t<\/li>\n\n\n    \n\n<li><a href='?page_no=36619'>Last &rsaquo;&rsaquo;<\/a><\/li>\n\n<\/ul>\n\n\n--><br \/>\n<\/body><\/p>\n","protected":false},"excerpt":{"rendered":"<p>Santo Domingo, RD, 9 de Mayo.-El presidente del Comit\u00e9 Ol\u00edmpico Dominicano (COD), Luis Mej\u00eda se\u00f1al\u00f3 que el seminario taller sobre Tribunal de Arbitraje y Conciliaci\u00f3n Deportiva busca crear las condiciones, herramientas y facilidades para dar apertura al Tribunal Deportivo en el pa\u00eds. Mej\u00eda, quien se refiri\u00f3 en esos t\u00e9rminos en la apertura ayer jueves del [&hellip;]<\/p>\n","protected":false},"author":3,"featured_media":0,"comment_status":"open","ping_status":"open","sticky":false,"template":"","format":"standard","meta":{"footnotes":""},"categories":[17],"tags":[],"class_list":["post-213629","post","type-post","status-publish","format-standard","hentry","category-deportes"],"_links":{"self":[{"href":"https:\/\/diariodominicano.com\/index.php?rest_route=\/wp\/v2\/posts\/213629","targetHints":{"allow":["GET"]}}],"collection":[{"href":"https:\/\/diariodominicano.com\/index.php?rest_route=\/wp\/v2\/posts"}],"about":[{"href":"https:\/\/diariodominicano.com\/index.php?rest_route=\/wp\/v2\/types\/post"}],"author":[{"embeddable":true,"href":"https:\/\/diariodominicano.com\/index.php?rest_route=\/wp\/v2\/users\/3"}],"replies":[{"embeddable":true,"href":"https:\/\/diariodominicano.com\/index.php?rest_route=%2Fwp%2Fv2%2Fcomments&post=213629"}],"version-history":[{"count":0,"href":"https:\/\/diariodominicano.com\/index.php?rest_route=\/wp\/v2\/posts\/213629\/revisions"}],"wp:attachment":[{"href":"https:\/\/diariodominicano.com\/index.php?rest_route=%2Fwp%2Fv2%2Fmedia&parent=213629"}],"wp:term":[{"taxonomy":"category","embeddable":true,"href":"https:\/\/diariodominicano.com\/index.php?rest_route=%2Fwp%2Fv2%2Fcategories&post=213629"},{"taxonomy":"post_tag","embeddable":true,"href":"https:\/\/diariodominicano.com\/index.php?rest_route=%2Fwp%2Fv2%2Ftags&post=213629"}],"curies":[{"name":"wp","href":"https:\/\/api.w.org\/{rel}","templated":true}]}}