{"id":213625,"date":"2013-05-10T17:05:50","date_gmt":"2013-05-10T17:05:50","guid":{"rendered":"http:\/\/diariodominicano.ddns.net\/?p=213625"},"modified":"2013-05-10T17:05:50","modified_gmt":"2013-05-10T17:05:50","slug":"oliveira-y-cordero-pelean-hoy-por-boleto-pelea-titular-en-el-coliseo-carlos-teo-cruz","status":"publish","type":"post","link":"https:\/\/diariodominicano.com\/?p=213625","title":{"rendered":"Oliveira y Cordero pelean hoy por boleto pelea titular en el Coliseo Carlos -Teo &#8211; Cruz"},"content":{"rendered":"<p><body><\/p>\n<p><img decoding=\"async\" src=\"img3\/hoy 10.jpeg\" \/>  <\/p>\n<p>Santo Domingo RD 10 mayo.- El brasile\u00f1o Michael Oliveira y el colombiano Francisco Cordero superaron el pesaje oficial y subir\u00e1n al ring busca de un chance titular en las 154 libras, pero solamente hay un boleto para llegar y ser\u00e1 para el ganador.<\/p>\n<\/p>\n<p>Esta noche en el coliseo Teo Cruz, ambos p\u00fagiles extranjeros discutir\u00e1n el cetro superwelter de la Fecarbox, avalado por el Consejo Mundial de Boxeo (CMB), tras pasar ayer la prueba del pesaje realizada en el hotel Jaragua, con 153.5 libras, los dos. El pleito ser\u00e1 supervisado por Roberto Guerra.<\/p>\n<\/p>\n<p>Oliveira, quien tiene 20-1 y ha noqueado a 15 rivales, se confes\u00f3 listo para salir por la puerta grande,   mientras que el colombiano Cordero, de mejor r\u00e9cord con 28-1, 20 KOs., asegur\u00f3 que no vino a perder a Santo Domingo y que conf\u00eda en su poder.<\/p>\n<\/p>\n<p>\u00abPeleo por Brasil, pero todos saben que aqu\u00ed es mi segunda casa, me siento feliz de volver al ring en Dominicana y el Teo Cruz, es mi casa y volver\u00e9 a ganar\u00bb, dijo el peleador brasile\u00f1o al ser consultado por periodista de List\u00edn Diario sobre su preparaci\u00f3n. \u00abEstoy mejor que las otras veces porque s\u00e9 que tengo un rival de mayor peligro, pero siempre estoy enfocado\u00bb. El dominicano Juan Carlos Payano, quien milit\u00f3 en el seleccionado nacional por varios a\u00f1os y se mantiene invicto en 12 reyertas pagadas, actuar\u00e1 en el turno de semifondo al colombiano John Alberto Molina, en una confrontaci\u00f3n de desquite. El dominicano gan\u00f3 el primer choque.<\/p>\n<\/p>\n<p>El peso welter, Julio \u00abLa Gallinita\u00bb de Jes\u00fas, tambi\u00e9n promete encender el escenario cuando en la segunda semiestelar cruce guantes con el invicto Kendall Mena.<\/p>\n<\/p>\n<p>La Gallinita, uno de los boxeadores dominicanos de mayor colorido, nativo de San Francisco de Macor\u00eds, se mantiene con r\u00e9cord de 17-1, con todos sus \u00e9xitos por la v\u00eda del sue\u00f1o; mientras que Mena, un ex miembro del seleccionado dominicano, natural de San Crist\u00f3bal, no conoce la derrota en sus 18 salidas profesionales.<\/p>\n<p><strong> <\/strong><\/p>\n<p><strong>Castillo vs. Reyes<\/strong><\/p>\n<p>El prospecto dominicano Lennin Castillo, invicto como profesional, cruzar\u00e1 guantes con Jonali Reyes, mientras que el puertorrique\u00f1o Jos\u00e9 Mart\u00ednez, protegido del ex campe\u00f3n mundial Miguel Cotto, enfrentar\u00e1 al dominicano Jeisi Lorenzo, de San Crist\u00f3bal. Y en pelea de damas se enfrentar\u00e1n Grecia Nova y Sandy Serrano. \u00abSe trata de una cartelera de pura candela\u00bb, declar\u00f3 el dominicano Pedro Valerio, concertador internacional de combates y representante en la Rep\u00fablica Dominicana de la empresa MO Promotions, que preside el brasile\u00f1o Carlos Oliveira,  y que organizada la velada.<\/p>\n<\/p>\n<p>Valerio inform\u00f3 que la velada iniciar\u00e1 a la 8:00 de la noche en el coliseo Carlos -Teo- Cruz.<\/p>\n<\/p>\n<h6> 2013-05-10 17:05:50 <\/h6>\n<p><!--\n<link rel=\"stylesheet\" href=\"css\/bootstrap.min.css\">\n\n\n<ul class=\"pagination\">\n\t    \n\t\n\n<li >\n\t<a href='?page_no=20734'>Previous<\/a>\n\t<\/li>\n\n\n       \n    \n\n<li><a href='?page_no=1'>1<\/a><\/li>\n\n\n\n<li><a href='?page_no=2'>2<\/a><\/li>\n\n\n\n<li><a>...<\/a><\/li>\n\n\n\n<li><a href='?page_no=20733'>20733<\/a><\/li>\n\n\n\n<li><a href='?page_no=20734'>20734<\/a><\/li>\n\n\n\n<li class='active'><a>20735<\/a><\/li>\n\n\n\n<li><a href='?page_no=20736'>20736<\/a><\/li>\n\n\n\n<li><a href='?page_no=20737'>20737<\/a><\/li>\n\n\n\n<li><a>...<\/a><\/li>\n\n\n\n<li><a href='?page_no=36618'>36618<\/a><\/li>\n\n\n\n<li><a href='?page_no=36619'>36619<\/a><\/li>\n\n    \n\t\n\n<li >\n\t<a href='?page_no=20736'>Next<\/a>\n\t<\/li>\n\n\n    \n\n<li><a href='?page_no=36619'>Last &rsaquo;&rsaquo;<\/a><\/li>\n\n<\/ul>\n\n\n--><br \/>\n<\/body><\/p>\n","protected":false},"excerpt":{"rendered":"<p>Santo Domingo RD 10 mayo.- El brasile\u00f1o Michael Oliveira y el colombiano Francisco Cordero superaron el pesaje oficial y subir\u00e1n al ring busca de un chance titular en las 154 libras, pero solamente hay un boleto para llegar y ser\u00e1 para el ganador. Esta noche en el coliseo Teo Cruz, ambos p\u00fagiles extranjeros discutir\u00e1n el [&hellip;]<\/p>\n","protected":false},"author":3,"featured_media":0,"comment_status":"open","ping_status":"open","sticky":false,"template":"","format":"standard","meta":{"footnotes":""},"categories":[17],"tags":[],"class_list":["post-213625","post","type-post","status-publish","format-standard","hentry","category-deportes"],"_links":{"self":[{"href":"https:\/\/diariodominicano.com\/index.php?rest_route=\/wp\/v2\/posts\/213625","targetHints":{"allow":["GET"]}}],"collection":[{"href":"https:\/\/diariodominicano.com\/index.php?rest_route=\/wp\/v2\/posts"}],"about":[{"href":"https:\/\/diariodominicano.com\/index.php?rest_route=\/wp\/v2\/types\/post"}],"author":[{"embeddable":true,"href":"https:\/\/diariodominicano.com\/index.php?rest_route=\/wp\/v2\/users\/3"}],"replies":[{"embeddable":true,"href":"https:\/\/diariodominicano.com\/index.php?rest_route=%2Fwp%2Fv2%2Fcomments&post=213625"}],"version-history":[{"count":0,"href":"https:\/\/diariodominicano.com\/index.php?rest_route=\/wp\/v2\/posts\/213625\/revisions"}],"wp:attachment":[{"href":"https:\/\/diariodominicano.com\/index.php?rest_route=%2Fwp%2Fv2%2Fmedia&parent=213625"}],"wp:term":[{"taxonomy":"category","embeddable":true,"href":"https:\/\/diariodominicano.com\/index.php?rest_route=%2Fwp%2Fv2%2Fcategories&post=213625"},{"taxonomy":"post_tag","embeddable":true,"href":"https:\/\/diariodominicano.com\/index.php?rest_route=%2Fwp%2Fv2%2Ftags&post=213625"}],"curies":[{"name":"wp","href":"https:\/\/api.w.org\/{rel}","templated":true}]}}