{"id":213622,"date":"2013-05-10T17:17:14","date_gmt":"2013-05-10T17:17:14","guid":{"rendered":"http:\/\/diariodominicano.ddns.net\/?p=213622"},"modified":"2013-05-10T17:17:14","modified_gmt":"2013-05-10T17:17:14","slug":"luisin-mejia-aboga-mejoren-condiciones-de-yineisy","status":"publish","type":"post","link":"https:\/\/diariodominicano.com\/?p=213622","title":{"rendered":"Luis\u00edn Mej\u00eda aboga mejoren condiciones de Yineisy"},"content":{"rendered":"<p><body><\/p>\n<p>Santo Domingo RD 10 mayo.- El presidente del Comit\u00e9 Ol\u00edmpico Dominicano (COD), Luis Mej\u00eda, abog\u00f3 porque las condiciones de carencia y pobreza extrema en que viven muchos de los atletas del m\u00e1s alto nivel de Rep\u00fablica Dominicana \u00absea mejorada\u00bb.<\/p>\n<\/p>\n<p>A prop\u00f3sito de un reportaje realizado por El Deporte de List\u00edn Diario a la humilde residencia donde vive la pesista Yuneisy Paola Reyes, en la ciudad de San Crist\u00f3bal, Mej\u00eda dijo que esa es una situaci\u00f3n en la que la dirigencia del COD ha trabajado a favor de los atletas y ante el Gobierno.<\/p>\n<\/p>\n<p>\u00abEs importante que los atletas (dominicanos) vivan en mejores condiciones\u00bb, insisti\u00f3 Mej\u00eda, quien se\u00f1ala que \u00abhay que seguir haciendo todo esfuerzo necesario para que su situaci\u00f3n cambie\u00bb.<\/p>\n<\/p>\n<p>La juvenil pesista Reyes es uno de tantos talentos que tiene el deporte de las pesas de Rep\u00fablica Dominicana y acaba de ganar medallas de oro, plata y bronce en el Campeonato Mundial celebrado en Per\u00fa.<\/p>\n<\/p>\n<p>\u00abNo siempre hay la oportunidad para ofrecer un hogar decente a cuantos atletas as\u00ed lo demanden\u00bb, sostuvo el presidente del COD, quien salud\u00f3 el reportaje, quien califica al atleta dominicano \u00abcomo un verdadero h\u00e9roe\u00bb.<\/p>\n<\/p>\n<p>\u00abHoy saludamos y celebramos ese buen desempe\u00f1o de Yuneisy, pero muy pocos sab\u00edan de su procedencia de un hogar de indigencia y mucha carencia. As\u00ed son muchos de nuestros atletas\u00bb, citando tambi\u00e9n como ejemplo a Luguel\u00edn Santos, ganador de medalla de plata en los Juegos Ol\u00edmpicos de Londres y quien recientemente ha obtenidos varios triunfos importantes en eventos regionales.<\/p>\n<\/p>\n<p>La atleta Reyes vive muy pr\u00f3ximo al r\u00edo Nigua junto a sus padres, un hermano y otros tres sobrinos. Su hogar es uno de los tantos que es inundado con frecuencia por la avenida del citado r\u00edo.<\/p>\n<\/p>\n<p>Insisti\u00f3 en su pedimento para que sean mejoradas las condiciones en que vive la pesista Reyes y el resto de su familia, pero tambi\u00e9n para que se mejoren la forma de vida de otros atletas que pasan por iguales tragedias.<\/p>\n<\/p>\n<p>El dirigente deportivo habl\u00f3 de quitar de la mente de muchos atletas \u00ablas preocupaciones\u00bb cuando salen.<\/p>\n<\/p>\n<p>Muchos atletas cuando est\u00e1n concentrados en esta capital o cuando les toca salir al extranjero expresan mucha desvelo por la situaci\u00f3n que han dejado atr\u00e1s.<\/p>\n<\/p>\n<p>Incluso, se sabe de deportistas, incluyendo entrenadores, que cuando salen, esperan \u00ablos pesitos de las dietas\u00bb para dejar en su casa. Otros utilizan lo que reciben del programa Parni, o lo que perciben de salarios como militares para enviarlo a su familia. A\u00fan otros reciben ayudas de federaciones para cubrir alg\u00fan tipo de carencia en su hogar o en la familia. <\/p>\n<\/p>\n<p>Recomendar este articulo por:<\/p>\n<p>Facebook <\/p>\n<h6> 2013-05-10 17:17:14 <\/h6>\n<p><!--\n<link rel=\"stylesheet\" href=\"css\/bootstrap.min.css\">\n\n\n<ul class=\"pagination\">\n\t    \n\t\n\n<li >\n\t<a href='?page_no=20731'>Previous<\/a>\n\t<\/li>\n\n\n       \n    \n\n<li><a href='?page_no=1'>1<\/a><\/li>\n\n\n\n<li><a href='?page_no=2'>2<\/a><\/li>\n\n\n\n<li><a>...<\/a><\/li>\n\n\n\n<li><a href='?page_no=20730'>20730<\/a><\/li>\n\n\n\n<li><a href='?page_no=20731'>20731<\/a><\/li>\n\n\n\n<li class='active'><a>20732<\/a><\/li>\n\n\n\n<li><a href='?page_no=20733'>20733<\/a><\/li>\n\n\n\n<li><a href='?page_no=20734'>20734<\/a><\/li>\n\n\n\n<li><a>...<\/a><\/li>\n\n\n\n<li><a href='?page_no=36618'>36618<\/a><\/li>\n\n\n\n<li><a href='?page_no=36619'>36619<\/a><\/li>\n\n    \n\t\n\n<li >\n\t<a href='?page_no=20733'>Next<\/a>\n\t<\/li>\n\n\n    \n\n<li><a href='?page_no=36619'>Last &rsaquo;&rsaquo;<\/a><\/li>\n\n<\/ul>\n\n\n--><br \/>\n<\/body><\/p>\n","protected":false},"excerpt":{"rendered":"<p>Santo Domingo RD 10 mayo.- El presidente del Comit\u00e9 Ol\u00edmpico Dominicano (COD), Luis Mej\u00eda, abog\u00f3 porque las condiciones de carencia y pobreza extrema en que viven muchos de los atletas del m\u00e1s alto nivel de Rep\u00fablica Dominicana \u00absea mejorada\u00bb. A prop\u00f3sito de un reportaje realizado por El Deporte de List\u00edn Diario a la humilde residencia [&hellip;]<\/p>\n","protected":false},"author":3,"featured_media":0,"comment_status":"open","ping_status":"open","sticky":false,"template":"","format":"standard","meta":{"footnotes":""},"categories":[17],"tags":[],"class_list":["post-213622","post","type-post","status-publish","format-standard","hentry","category-deportes"],"_links":{"self":[{"href":"https:\/\/diariodominicano.com\/index.php?rest_route=\/wp\/v2\/posts\/213622","targetHints":{"allow":["GET"]}}],"collection":[{"href":"https:\/\/diariodominicano.com\/index.php?rest_route=\/wp\/v2\/posts"}],"about":[{"href":"https:\/\/diariodominicano.com\/index.php?rest_route=\/wp\/v2\/types\/post"}],"author":[{"embeddable":true,"href":"https:\/\/diariodominicano.com\/index.php?rest_route=\/wp\/v2\/users\/3"}],"replies":[{"embeddable":true,"href":"https:\/\/diariodominicano.com\/index.php?rest_route=%2Fwp%2Fv2%2Fcomments&post=213622"}],"version-history":[{"count":0,"href":"https:\/\/diariodominicano.com\/index.php?rest_route=\/wp\/v2\/posts\/213622\/revisions"}],"wp:attachment":[{"href":"https:\/\/diariodominicano.com\/index.php?rest_route=%2Fwp%2Fv2%2Fmedia&parent=213622"}],"wp:term":[{"taxonomy":"category","embeddable":true,"href":"https:\/\/diariodominicano.com\/index.php?rest_route=%2Fwp%2Fv2%2Fcategories&post=213622"},{"taxonomy":"post_tag","embeddable":true,"href":"https:\/\/diariodominicano.com\/index.php?rest_route=%2Fwp%2Fv2%2Ftags&post=213622"}],"curies":[{"name":"wp","href":"https:\/\/api.w.org\/{rel}","templated":true}]}}