{"id":213620,"date":"2013-05-10T19:34:05","date_gmt":"2013-05-10T19:34:05","guid":{"rendered":"http:\/\/diariodominicano.ddns.net\/?p=213620"},"modified":"2013-05-10T19:34:05","modified_gmt":"2013-05-10T19:34:05","slug":"fiscalia-monsenor-nouel-conocera-coercion-contra-grandes-ligas-carlos-marmol","status":"publish","type":"post","link":"https:\/\/diariodominicano.com\/?p=213620","title":{"rendered":"Fiscal\u00eda Monse\u00f1or Nouel conocer\u00e1 coerci\u00f3n contra Grandes Ligas Carlos M\u00e1rmol"},"content":{"rendered":"<p><body><\/p>\n<p>Bonao, RD 10 mayo.- El Juzgado de la Instrucci\u00f3n del Distrito Judicial Monse\u00f1or Nouel solicit\u00f3 al pelotero dominicano de Grandes Ligas, Carlos M\u00e1rmol, presentarse al pa\u00eds el 20 de mayo, para conocer la medida de coerci\u00f3n en su contra por la acusaci\u00f3n de violencia y secuestro en perjuicio de Miledy Mej\u00eda C\u00e9peda.<\/p>\n<\/p>\n<p>El tribunal declar\u00f3 inadmisible el recurso de casaci\u00f3n interpuesto por M\u00e1rmol en el mes de enero de este a\u00f1o, y ahora el pelotero, quien se encuentra en Estados Unidos jugando con los Cachorros de Chicago, deber\u00e1 presentarse al pa\u00eds en 11 d\u00edas para responder por las acusaciones de violencia y secuestro.<\/p>\n<\/p>\n<p>Juan Roberto Gonzales Batista, abogado de la parte acusadora, dijo que solicitar\u00e1n prisi\u00f3n preventiva contra el cerrador de los Cachorros de Chicago.<\/p>\n<h6> 2013-05-10 19:34:05 <\/h6>\n<p><!--\n<link rel=\"stylesheet\" href=\"css\/bootstrap.min.css\">\n\n\n<ul class=\"pagination\">\n\t    \n\t\n\n<li >\n\t<a href='?page_no=20729'>Previous<\/a>\n\t<\/li>\n\n\n       \n    \n\n<li><a href='?page_no=1'>1<\/a><\/li>\n\n\n\n<li><a href='?page_no=2'>2<\/a><\/li>\n\n\n\n<li><a>...<\/a><\/li>\n\n\n\n<li><a href='?page_no=20728'>20728<\/a><\/li>\n\n\n\n<li><a href='?page_no=20729'>20729<\/a><\/li>\n\n\n\n<li class='active'><a>20730<\/a><\/li>\n\n\n\n<li><a href='?page_no=20731'>20731<\/a><\/li>\n\n\n\n<li><a href='?page_no=20732'>20732<\/a><\/li>\n\n\n\n<li><a>...<\/a><\/li>\n\n\n\n<li><a href='?page_no=36618'>36618<\/a><\/li>\n\n\n\n<li><a href='?page_no=36619'>36619<\/a><\/li>\n\n    \n\t\n\n<li >\n\t<a href='?page_no=20731'>Next<\/a>\n\t<\/li>\n\n\n    \n\n<li><a href='?page_no=36619'>Last &rsaquo;&rsaquo;<\/a><\/li>\n\n<\/ul>\n\n\n--><br \/>\n<\/body><\/p>\n","protected":false},"excerpt":{"rendered":"<p>Bonao, RD 10 mayo.- El Juzgado de la Instrucci\u00f3n del Distrito Judicial Monse\u00f1or Nouel solicit\u00f3 al pelotero dominicano de Grandes Ligas, Carlos M\u00e1rmol, presentarse al pa\u00eds el 20 de mayo, para conocer la medida de coerci\u00f3n en su contra por la acusaci\u00f3n de violencia y secuestro en perjuicio de Miledy Mej\u00eda C\u00e9peda. El tribunal declar\u00f3 [&hellip;]<\/p>\n","protected":false},"author":3,"featured_media":0,"comment_status":"open","ping_status":"open","sticky":false,"template":"","format":"standard","meta":{"footnotes":""},"categories":[17],"tags":[],"class_list":["post-213620","post","type-post","status-publish","format-standard","hentry","category-deportes"],"_links":{"self":[{"href":"https:\/\/diariodominicano.com\/index.php?rest_route=\/wp\/v2\/posts\/213620","targetHints":{"allow":["GET"]}}],"collection":[{"href":"https:\/\/diariodominicano.com\/index.php?rest_route=\/wp\/v2\/posts"}],"about":[{"href":"https:\/\/diariodominicano.com\/index.php?rest_route=\/wp\/v2\/types\/post"}],"author":[{"embeddable":true,"href":"https:\/\/diariodominicano.com\/index.php?rest_route=\/wp\/v2\/users\/3"}],"replies":[{"embeddable":true,"href":"https:\/\/diariodominicano.com\/index.php?rest_route=%2Fwp%2Fv2%2Fcomments&post=213620"}],"version-history":[{"count":0,"href":"https:\/\/diariodominicano.com\/index.php?rest_route=\/wp\/v2\/posts\/213620\/revisions"}],"wp:attachment":[{"href":"https:\/\/diariodominicano.com\/index.php?rest_route=%2Fwp%2Fv2%2Fmedia&parent=213620"}],"wp:term":[{"taxonomy":"category","embeddable":true,"href":"https:\/\/diariodominicano.com\/index.php?rest_route=%2Fwp%2Fv2%2Fcategories&post=213620"},{"taxonomy":"post_tag","embeddable":true,"href":"https:\/\/diariodominicano.com\/index.php?rest_route=%2Fwp%2Fv2%2Ftags&post=213620"}],"curies":[{"name":"wp","href":"https:\/\/api.w.org\/{rel}","templated":true}]}}