{"id":213612,"date":"2013-05-11T14:31:27","date_gmt":"2013-05-11T14:31:27","guid":{"rendered":"http:\/\/diariodominicano.ddns.net\/?p=213612"},"modified":"2013-05-11T14:31:27","modified_gmt":"2013-05-11T14:31:27","slug":"comision-de-boxeo-reconoce-los-pugiles-mas-destacados-del-2012","status":"publish","type":"post","link":"https:\/\/diariodominicano.com\/?p=213612","title":{"rendered":"Comisi\u00f3n de Boxeo reconoce los p\u00fagiles m\u00e1s destacados del 2012"},"content":{"rendered":"<p><body><\/p>\n<p><img decoding=\"async\" src=\"img3\/campeones 11.jpeg\" \/>  <\/p>\n<p>Santo Domingo RD 11 mayo.- La Comisi\u00f3n Nacional de Boxeo Profesional reconoci\u00f3 este jueves a los m\u00e1s destacados boxeadores dominicanos del 2012, en el marco de un acto que fue celebrado en el Sal\u00f3n Maguana del Hotel Jaragua y que cont\u00f3 con la presencia de importantes personalidades nacionales e internacionales ligadas al boxeo. <\/p>\n<\/p>\n<p>Entre los presentes a la actividad figuran el paname\u00f1o Aurelio Fiengo, alto ejecutivo de la Asociaci\u00f3n Mundial de Boxeo (AMB), el viceministro de Obras P\u00fablicas, Mayobanex Escotto, y el asesor deportivo del presidente de la Rep\u00fablica, Ram\u00f3n Pe\u00f1a, entre otros. <\/p>\n<\/p>\n<p>El excampe\u00f3n mundial Javier -El Abej\u00f3n- Fortuna se llev\u00f3 la m\u00e1xima distinci\u00f3n del acto al ser premiado como \u00abEl Boxeador del A\u00f1o\u00bb, en tanto que las campeonas Dahiana Santana y Katty Pamela Wilson, respectivamente, compartieron la distinci\u00f3n de boxeadoras del a\u00f1o. <\/p>\n<\/p>\n<p>El actual campe\u00f3n mundial de la Federaci\u00f3n Internacional (FIB) en las 130 libras, Argenis M\u00e9ndez fue galardonado como el boxeador dominicano m\u00e1s destacado en el extranjero. <\/p>\n<\/p>\n<p>Mientras, que la campeona mundial de las 154 libras, versi\u00f3n Organizaci\u00f3n Mundial de Boxeo, Oxandia Castillo fue reconocida como la Revelaci\u00f3n del a\u00f1o. Igual distinci\u00f3n se llev\u00f3 Jonathan Guzm\u00e1n, pero en el plano masculino. <\/p>\n<\/p>\n<p>Otros galardonados fueron C\u00e9sar Mercedes como manejador y promotor del a\u00f1o. En tanto que Norberto Jim\u00e9nez se llev\u00f3 el galard\u00f3n que lo acredita como regreso del a\u00f1o. Argenis L\u00f3pez fue premiado por haber celebrado la mejor pelea del a\u00f1o y boxeador de m\u00e1s progreso. <\/p>\n<\/p>\n<p>Asimismo, el brasile\u00f1o Michael Oliveira se llev\u00f3 la distinci\u00f3n como el boxeador extranjero m\u00e1s destacado en el pa\u00eds y Juan -Merengue- Abreu fue reconocido como el prospecto del a\u00f1o. <\/p>\n<\/p>\n<p>Rafael Lantigua gan\u00f3 el premio como el promotor m\u00e1s activo y Vicente de la Cruz fue el entrenador del a\u00f1o. De su lado, Horacio Bakem\u00f3m Rodr\u00edguez fue considerado como el juez del a\u00f1o y Oscar P\u00e9rez Carbonel fue seleccionado como \u00e1rbitro del a\u00f1o. Otro premio recay\u00f3 sobre Eliecer Aquino quien se llev\u00f3 el premio como el boxeador m\u00e1s espectacular del a\u00f1o. (+) Javier \u00f1El Abej\u00f3n- Fortuna se llev\u00f3 la m\u00e1xima distinci\u00f3n del acto al ser premiado como \u00abEl Boxeador del A\u00f1o\u00bb. <\/p>\n<h6> 2013-05-11 14:31:27 <\/h6>\n<p><!--\n<link rel=\"stylesheet\" href=\"css\/bootstrap.min.css\">\n\n\n<ul class=\"pagination\">\n\t    \n\t\n\n<li >\n\t<a href='?page_no=20721'>Previous<\/a>\n\t<\/li>\n\n\n       \n    \n\n<li><a href='?page_no=1'>1<\/a><\/li>\n\n\n\n<li><a href='?page_no=2'>2<\/a><\/li>\n\n\n\n<li><a>...<\/a><\/li>\n\n\n\n<li><a href='?page_no=20720'>20720<\/a><\/li>\n\n\n\n<li><a href='?page_no=20721'>20721<\/a><\/li>\n\n\n\n<li class='active'><a>20722<\/a><\/li>\n\n\n\n<li><a href='?page_no=20723'>20723<\/a><\/li>\n\n\n\n<li><a href='?page_no=20724'>20724<\/a><\/li>\n\n\n\n<li><a>...<\/a><\/li>\n\n\n\n<li><a href='?page_no=36618'>36618<\/a><\/li>\n\n\n\n<li><a href='?page_no=36619'>36619<\/a><\/li>\n\n    \n\t\n\n<li >\n\t<a href='?page_no=20723'>Next<\/a>\n\t<\/li>\n\n\n    \n\n<li><a href='?page_no=36619'>Last &rsaquo;&rsaquo;<\/a><\/li>\n\n<\/ul>\n\n\n--><br \/>\n<\/body><\/p>\n","protected":false},"excerpt":{"rendered":"<p>Santo Domingo RD 11 mayo.- La Comisi\u00f3n Nacional de Boxeo Profesional reconoci\u00f3 este jueves a los m\u00e1s destacados boxeadores dominicanos del 2012, en el marco de un acto que fue celebrado en el Sal\u00f3n Maguana del Hotel Jaragua y que cont\u00f3 con la presencia de importantes personalidades nacionales e internacionales ligadas al boxeo. Entre los [&hellip;]<\/p>\n","protected":false},"author":3,"featured_media":0,"comment_status":"open","ping_status":"open","sticky":false,"template":"","format":"standard","meta":{"footnotes":""},"categories":[17],"tags":[],"class_list":["post-213612","post","type-post","status-publish","format-standard","hentry","category-deportes"],"_links":{"self":[{"href":"https:\/\/diariodominicano.com\/index.php?rest_route=\/wp\/v2\/posts\/213612","targetHints":{"allow":["GET"]}}],"collection":[{"href":"https:\/\/diariodominicano.com\/index.php?rest_route=\/wp\/v2\/posts"}],"about":[{"href":"https:\/\/diariodominicano.com\/index.php?rest_route=\/wp\/v2\/types\/post"}],"author":[{"embeddable":true,"href":"https:\/\/diariodominicano.com\/index.php?rest_route=\/wp\/v2\/users\/3"}],"replies":[{"embeddable":true,"href":"https:\/\/diariodominicano.com\/index.php?rest_route=%2Fwp%2Fv2%2Fcomments&post=213612"}],"version-history":[{"count":0,"href":"https:\/\/diariodominicano.com\/index.php?rest_route=\/wp\/v2\/posts\/213612\/revisions"}],"wp:attachment":[{"href":"https:\/\/diariodominicano.com\/index.php?rest_route=%2Fwp%2Fv2%2Fmedia&parent=213612"}],"wp:term":[{"taxonomy":"category","embeddable":true,"href":"https:\/\/diariodominicano.com\/index.php?rest_route=%2Fwp%2Fv2%2Fcategories&post=213612"},{"taxonomy":"post_tag","embeddable":true,"href":"https:\/\/diariodominicano.com\/index.php?rest_route=%2Fwp%2Fv2%2Ftags&post=213612"}],"curies":[{"name":"wp","href":"https:\/\/api.w.org\/{rel}","templated":true}]}}