{"id":213609,"date":"2013-05-11T15:04:31","date_gmt":"2013-05-11T15:04:31","guid":{"rendered":"http:\/\/diariodominicano.ddns.net\/?p=213609"},"modified":"2013-05-11T15:04:31","modified_gmt":"2013-05-11T15:04:31","slug":"cancelan-mas-de-20-del-ministerio-de-deportes","status":"publish","type":"post","link":"https:\/\/diariodominicano.com\/?p=213609","title":{"rendered":"Cancelan m\u00e1s de 20 del Ministerio de Deportes"},"content":{"rendered":"<p><body><\/p>\n<p>Barahona RD 11 mayo.- M\u00e1s de 20 trabajadores del Ministerio de Deportes fueron cancelados este jueves en las ciudades de Villa Central y Cabral por el ministro de esa cartera, Jaime David Fern\u00e1ndez Mirabal.<\/p>\n<\/p>\n<p>La denuncia fue hecha por Jos\u00e9 del Carmen Nicol\u00e1s, quien se desempe\u00f1aba como supervisor regional del organismo. \u00abEsas cancelaciones fueron producidas sin justificaci\u00f3n\u00bb, manifest\u00f3, tras declarar que las cartas de despidos fueron entregadas por un militar y una secretaria del organismo.<\/p>\n<\/p>\n<p>Indic\u00f3 que entre los liquidados figuran t\u00e9cnicos, conserjes, y personal administrativo, los cuales cumpl\u00edan con sus funciones.<\/p>\n<\/p>\n<p>Del Carmen Nicol\u00e1s expres\u00f3 que tambi\u00e9n fue suprimida de su cargo una mujer con seis meses de embarazo: \u00abquien enviaba a su madre para que le trabaje debido al estado en que se encuentra\u00bb.<\/p>\n<\/p>\n<p>Sostuvo que esa situaci\u00f3n podr\u00eda ocasionar protestas, ya que son dirigentes y militantes pelede\u00edstas.<\/p>\n<h6> 2013-05-11 15:04:31 <\/h6>\n<p><!--\n<link rel=\"stylesheet\" href=\"css\/bootstrap.min.css\">\n\n\n<ul class=\"pagination\">\n\t    \n\t\n\n<li >\n\t<a href='?page_no=20718'>Previous<\/a>\n\t<\/li>\n\n\n       \n    \n\n<li><a href='?page_no=1'>1<\/a><\/li>\n\n\n\n<li><a href='?page_no=2'>2<\/a><\/li>\n\n\n\n<li><a>...<\/a><\/li>\n\n\n\n<li><a href='?page_no=20717'>20717<\/a><\/li>\n\n\n\n<li><a href='?page_no=20718'>20718<\/a><\/li>\n\n\n\n<li class='active'><a>20719<\/a><\/li>\n\n\n\n<li><a href='?page_no=20720'>20720<\/a><\/li>\n\n\n\n<li><a href='?page_no=20721'>20721<\/a><\/li>\n\n\n\n<li><a>...<\/a><\/li>\n\n\n\n<li><a href='?page_no=36618'>36618<\/a><\/li>\n\n\n\n<li><a href='?page_no=36619'>36619<\/a><\/li>\n\n    \n\t\n\n<li >\n\t<a href='?page_no=20720'>Next<\/a>\n\t<\/li>\n\n\n    \n\n<li><a href='?page_no=36619'>Last &rsaquo;&rsaquo;<\/a><\/li>\n\n<\/ul>\n\n\n--><br \/>\n<\/body><\/p>\n","protected":false},"excerpt":{"rendered":"<p>Barahona RD 11 mayo.- M\u00e1s de 20 trabajadores del Ministerio de Deportes fueron cancelados este jueves en las ciudades de Villa Central y Cabral por el ministro de esa cartera, Jaime David Fern\u00e1ndez Mirabal. La denuncia fue hecha por Jos\u00e9 del Carmen Nicol\u00e1s, quien se desempe\u00f1aba como supervisor regional del organismo. \u00abEsas cancelaciones fueron producidas [&hellip;]<\/p>\n","protected":false},"author":3,"featured_media":0,"comment_status":"open","ping_status":"open","sticky":false,"template":"","format":"standard","meta":{"footnotes":""},"categories":[17],"tags":[],"class_list":["post-213609","post","type-post","status-publish","format-standard","hentry","category-deportes"],"_links":{"self":[{"href":"https:\/\/diariodominicano.com\/index.php?rest_route=\/wp\/v2\/posts\/213609","targetHints":{"allow":["GET"]}}],"collection":[{"href":"https:\/\/diariodominicano.com\/index.php?rest_route=\/wp\/v2\/posts"}],"about":[{"href":"https:\/\/diariodominicano.com\/index.php?rest_route=\/wp\/v2\/types\/post"}],"author":[{"embeddable":true,"href":"https:\/\/diariodominicano.com\/index.php?rest_route=\/wp\/v2\/users\/3"}],"replies":[{"embeddable":true,"href":"https:\/\/diariodominicano.com\/index.php?rest_route=%2Fwp%2Fv2%2Fcomments&post=213609"}],"version-history":[{"count":0,"href":"https:\/\/diariodominicano.com\/index.php?rest_route=\/wp\/v2\/posts\/213609\/revisions"}],"wp:attachment":[{"href":"https:\/\/diariodominicano.com\/index.php?rest_route=%2Fwp%2Fv2%2Fmedia&parent=213609"}],"wp:term":[{"taxonomy":"category","embeddable":true,"href":"https:\/\/diariodominicano.com\/index.php?rest_route=%2Fwp%2Fv2%2Fcategories&post=213609"},{"taxonomy":"post_tag","embeddable":true,"href":"https:\/\/diariodominicano.com\/index.php?rest_route=%2Fwp%2Fv2%2Ftags&post=213609"}],"curies":[{"name":"wp","href":"https:\/\/api.w.org\/{rel}","templated":true}]}}