{"id":213607,"date":"2013-05-11T18:31:37","date_gmt":"2013-05-11T18:31:37","guid":{"rendered":"http:\/\/diariodominicano.ddns.net\/?p=213607"},"modified":"2013-05-11T18:31:37","modified_gmt":"2013-05-11T18:31:37","slug":"jurista-espanol-resalta-importancia-tribunal-arbitraje","status":"publish","type":"post","link":"https:\/\/diariodominicano.com\/?p=213607","title":{"rendered":"Jurista espa\u00f1ol resalta importancia Tribunal Arbitraje"},"content":{"rendered":"<p><body><\/p>\n<p><img decoding=\"async\" src=\"img3\/Andreus.JPG\" \/>  <\/p>\n<p><span class=\"text1noticias\">Santo Domingo, RD, 11 de Mayo.-El jurista espa\u00f1ol Andreu Camps Povill manifest\u00f3 que la puesta en marcha del Tribunal de Arbitraje y Conciliaci\u00f3n Deportiva fortalecer\u00e1 al movimiento deportivo de la Rep\u00fablica Dominicana.<\/span><\/p>\n<\/p>\n<p><span class=\"text1noticias\"> Camps Povill, quien es uno de los facilitadores en el seminario taller sobre Tribunal de Arbitraje y Conciliaci\u00f3n Deportiva que concluye este s\u00e1bado, tambi\u00e9n resalt\u00f3 el inter\u00e9s de los dirigentes federados en conocer el funcionamiento del tribunal.<\/span><\/p>\n<\/p>\n<p><span class=\"text1noticias\">\u00abLa creaci\u00f3n de este Tribunal Arbitral Deportivo es una gran iniciativa del Comit\u00e9 Ol\u00edmpico Dominicano porque se pone acorde con lo que est\u00e1 aconteciendo en el mundo\u00bb, sostuvo Camps Povill, quien agreg\u00f3: \u00abEsto ser\u00e1 de gran valor y permitir\u00e1 una mayor apertura para resolver las diferencias\u00bb.<\/span><\/p>\n<\/p>\n<p><span class=\"text1noticias\">El catedr\u00e1tico de derecho deportivo, que tambi\u00e9n es mediador del Tribunal Arbitral del Deporte (TAS) de Lausanne, Suiza, valor\u00f3 como positivo el gran respaldo en cuanto asistencia se refiere, que ha tenido el seminario taller.<\/span><\/p>\n<\/p>\n<p><span class=\"text1noticias\">\u00abSiempre he entendido que los conflictos del deporte no deben ir a la justicia ordinaria y con la creaci\u00f3n de este Tribunal Arbitral del Deporte, las cosas deber\u00e1n cambiar\u00bb, insisti\u00f3.<\/span><\/p>\n<\/p>\n<p><span class=\"text1noticias\">El seminario taller sobre Tribunal de Arbitraje y Conciliaci\u00f3n Deportiva cuenta con el respaldo del Comit\u00e9 Ol\u00edmpico Dominicano (COD) a trav\u00e9s del programa Solidaridad Ol\u00edmpica Internacional.<\/span><\/p>\n<\/p>\n<p><span class=\"text1noticias\">Adem\u00e1s de Camps Povill, tambi\u00e9n participa como expositor en el seminario taller el juez dominicano Samuel Arias Arzeno, y est\u00e1 dirigido a dos miembros de las federaciones deportivas nacionales, de los cuales uno tiene que ser abogado.<\/span><\/p>\n<\/p>\n<p><span class=\"text1noticias\">El Tribunal de Arbitraje, que fue preparado por la Suprema Corte de Justicia, est\u00e1 constituido desde hace dos a\u00f1os, pero todav\u00eda no se ha puesto en ejecuci\u00f3n. Esta es una instancia que existe en varios pa\u00edses del mundo y est\u00e1 contenido en la Nueva Ley del Deporte.<\/span><\/p>\n<\/p>\n<p><span class=\"text1noticias\">El Tribunal de Arbitraje fue creado con la finalidad de trabajar en los casos que no puedan resolver las propias federaciones en sus tribunales disciplinarios.(HG)<\/span>.<\/p>\n<h6> 2013-05-11 18:31:37 <\/h6>\n<p><!--\n<link rel=\"stylesheet\" href=\"css\/bootstrap.min.css\">\n\n\n<ul class=\"pagination\">\n\t    \n\t\n\n<li >\n\t<a href='?page_no=20716'>Previous<\/a>\n\t<\/li>\n\n\n       \n    \n\n<li><a href='?page_no=1'>1<\/a><\/li>\n\n\n\n<li><a href='?page_no=2'>2<\/a><\/li>\n\n\n\n<li><a>...<\/a><\/li>\n\n\n\n<li><a href='?page_no=20715'>20715<\/a><\/li>\n\n\n\n<li><a href='?page_no=20716'>20716<\/a><\/li>\n\n\n\n<li class='active'><a>20717<\/a><\/li>\n\n\n\n<li><a href='?page_no=20718'>20718<\/a><\/li>\n\n\n\n<li><a href='?page_no=20719'>20719<\/a><\/li>\n\n\n\n<li><a>...<\/a><\/li>\n\n\n\n<li><a href='?page_no=36618'>36618<\/a><\/li>\n\n\n\n<li><a href='?page_no=36619'>36619<\/a><\/li>\n\n    \n\t\n\n<li >\n\t<a href='?page_no=20718'>Next<\/a>\n\t<\/li>\n\n\n    \n\n<li><a href='?page_no=36619'>Last &rsaquo;&rsaquo;<\/a><\/li>\n\n<\/ul>\n\n\n--><br \/>\n<\/body><\/p>\n","protected":false},"excerpt":{"rendered":"<p>Santo Domingo, RD, 11 de Mayo.-El jurista espa\u00f1ol Andreu Camps Povill manifest\u00f3 que la puesta en marcha del Tribunal de Arbitraje y Conciliaci\u00f3n Deportiva fortalecer\u00e1 al movimiento deportivo de la Rep\u00fablica Dominicana. Camps Povill, quien es uno de los facilitadores en el seminario taller sobre Tribunal de Arbitraje y Conciliaci\u00f3n Deportiva que concluye este s\u00e1bado, [&hellip;]<\/p>\n","protected":false},"author":3,"featured_media":0,"comment_status":"open","ping_status":"open","sticky":false,"template":"","format":"standard","meta":{"footnotes":""},"categories":[17],"tags":[],"class_list":["post-213607","post","type-post","status-publish","format-standard","hentry","category-deportes"],"_links":{"self":[{"href":"https:\/\/diariodominicano.com\/index.php?rest_route=\/wp\/v2\/posts\/213607","targetHints":{"allow":["GET"]}}],"collection":[{"href":"https:\/\/diariodominicano.com\/index.php?rest_route=\/wp\/v2\/posts"}],"about":[{"href":"https:\/\/diariodominicano.com\/index.php?rest_route=\/wp\/v2\/types\/post"}],"author":[{"embeddable":true,"href":"https:\/\/diariodominicano.com\/index.php?rest_route=\/wp\/v2\/users\/3"}],"replies":[{"embeddable":true,"href":"https:\/\/diariodominicano.com\/index.php?rest_route=%2Fwp%2Fv2%2Fcomments&post=213607"}],"version-history":[{"count":0,"href":"https:\/\/diariodominicano.com\/index.php?rest_route=\/wp\/v2\/posts\/213607\/revisions"}],"wp:attachment":[{"href":"https:\/\/diariodominicano.com\/index.php?rest_route=%2Fwp%2Fv2%2Fmedia&parent=213607"}],"wp:term":[{"taxonomy":"category","embeddable":true,"href":"https:\/\/diariodominicano.com\/index.php?rest_route=%2Fwp%2Fv2%2Fcategories&post=213607"},{"taxonomy":"post_tag","embeddable":true,"href":"https:\/\/diariodominicano.com\/index.php?rest_route=%2Fwp%2Fv2%2Ftags&post=213607"}],"curies":[{"name":"wp","href":"https:\/\/api.w.org\/{rel}","templated":true}]}}