{"id":213606,"date":"2013-05-12T12:45:12","date_gmt":"2013-05-12T12:45:12","guid":{"rendered":"http:\/\/diariodominicano.ddns.net\/?p=213606"},"modified":"2013-05-12T12:45:12","modified_gmt":"2013-05-12T12:45:12","slug":"subcampeon-olimpico-dominicano-listo-para-correr-al-maximo-nivel","status":"publish","type":"post","link":"https:\/\/diariodominicano.com\/?p=213606","title":{"rendered":"Subcampe\u00f3n ol\u00edmpico dominicano listo para correr al m\u00e1ximo nivel"},"content":{"rendered":"<p><body><\/p>\n<p><img decoding=\"async\" src=\"img3\/luguelin.jpg\" \/>  <\/p>\n<p><span class=\"text1noticias\">Santo Domingo, RD,  12 may (PL) El corredor dominicano Luguel\u00edn Santos, subcampe\u00f3n ol\u00edmpico, tiene puesta este Domingo su mirada en importantes competencias del presente a\u00f1o, entre ellas el Mundial de Atletismo en Mosc\u00fa del 10 al 18 de agosto pr\u00f3ximo.<\/span><\/p>\n<\/p>\n<p><span class=\"text1noticias\">Tras cosechar tres triunfos en igual cantidad de carreras en 2013 en Estados Unidos, Jamaica e Islas Caim\u00e1n, Santos confirm\u00f3 a reporteros que est\u00e1 listo para debutar en la Liga de Diamante dentro de seis d\u00edas en Shangai, China. Un a\u00f1o atr\u00e1s, el subtitular de Londres termin\u00f3 segundo en el acumulado general de esa competencia, y ahora tiene previsto competir en otras seis paradas: Oreg\u00f3n, Estados Unidos; Par\u00eds; Londres; Estocolmo; Zurich, Suiza; y Bruselas.<\/span><\/p>\n<\/p>\n<p><span class=\"text1noticias\">Me siento mucho mejor en comparaci\u00f3n con mayo de 2012, afirm\u00f3 Santos, quien hace doce meses debut\u00f3 en los 400 metros planos al aire libre con 45.29 segundos en el Grand Prix de Guadalupe, y recientemente lo hizo con 44.74.<\/span><\/p>\n<\/p>\n<p><span class=\"text1noticias\">Ese registro constituye el segundo mejor de la actual temporada por detr\u00e1s de los 44.72 segundos del granadino Kirani James, monarca de la cita bajo los cinco aros en la capital brit\u00e1nica.<\/span><\/p>\n<\/p>\n<p><span class=\"text1noticias\">Adem\u00e1s de las mencionadas competencias, el dominicano pretende concursar en el Campeonato Centroamericano y Caribe\u00f1o con sede en Morelia, M\u00e9xico, en julio venidero.(HG)<\/span>.<\/p>\n<h6> 2013-05-12 12:45:12 <\/h6>\n<p><!--\n<link rel=\"stylesheet\" href=\"css\/bootstrap.min.css\">\n\n\n<ul class=\"pagination\">\n\t    \n\t\n\n<li >\n\t<a href='?page_no=20715'>Previous<\/a>\n\t<\/li>\n\n\n       \n    \n\n<li><a href='?page_no=1'>1<\/a><\/li>\n\n\n\n<li><a href='?page_no=2'>2<\/a><\/li>\n\n\n\n<li><a>...<\/a><\/li>\n\n\n\n<li><a href='?page_no=20714'>20714<\/a><\/li>\n\n\n\n<li><a href='?page_no=20715'>20715<\/a><\/li>\n\n\n\n<li class='active'><a>20716<\/a><\/li>\n\n\n\n<li><a href='?page_no=20717'>20717<\/a><\/li>\n\n\n\n<li><a href='?page_no=20718'>20718<\/a><\/li>\n\n\n\n<li><a>...<\/a><\/li>\n\n\n\n<li><a href='?page_no=36618'>36618<\/a><\/li>\n\n\n\n<li><a href='?page_no=36619'>36619<\/a><\/li>\n\n    \n\t\n\n<li >\n\t<a href='?page_no=20717'>Next<\/a>\n\t<\/li>\n\n\n    \n\n<li><a href='?page_no=36619'>Last &rsaquo;&rsaquo;<\/a><\/li>\n\n<\/ul>\n\n\n--><br \/>\n<\/body><\/p>\n","protected":false},"excerpt":{"rendered":"<p>Santo Domingo, RD, 12 may (PL) El corredor dominicano Luguel\u00edn Santos, subcampe\u00f3n ol\u00edmpico, tiene puesta este Domingo su mirada en importantes competencias del presente a\u00f1o, entre ellas el Mundial de Atletismo en Mosc\u00fa del 10 al 18 de agosto pr\u00f3ximo. Tras cosechar tres triunfos en igual cantidad de carreras en 2013 en Estados Unidos, Jamaica [&hellip;]<\/p>\n","protected":false},"author":3,"featured_media":0,"comment_status":"open","ping_status":"open","sticky":false,"template":"","format":"standard","meta":{"footnotes":""},"categories":[17],"tags":[],"class_list":["post-213606","post","type-post","status-publish","format-standard","hentry","category-deportes"],"_links":{"self":[{"href":"https:\/\/diariodominicano.com\/index.php?rest_route=\/wp\/v2\/posts\/213606","targetHints":{"allow":["GET"]}}],"collection":[{"href":"https:\/\/diariodominicano.com\/index.php?rest_route=\/wp\/v2\/posts"}],"about":[{"href":"https:\/\/diariodominicano.com\/index.php?rest_route=\/wp\/v2\/types\/post"}],"author":[{"embeddable":true,"href":"https:\/\/diariodominicano.com\/index.php?rest_route=\/wp\/v2\/users\/3"}],"replies":[{"embeddable":true,"href":"https:\/\/diariodominicano.com\/index.php?rest_route=%2Fwp%2Fv2%2Fcomments&post=213606"}],"version-history":[{"count":0,"href":"https:\/\/diariodominicano.com\/index.php?rest_route=\/wp\/v2\/posts\/213606\/revisions"}],"wp:attachment":[{"href":"https:\/\/diariodominicano.com\/index.php?rest_route=%2Fwp%2Fv2%2Fmedia&parent=213606"}],"wp:term":[{"taxonomy":"category","embeddable":true,"href":"https:\/\/diariodominicano.com\/index.php?rest_route=%2Fwp%2Fv2%2Fcategories&post=213606"},{"taxonomy":"post_tag","embeddable":true,"href":"https:\/\/diariodominicano.com\/index.php?rest_route=%2Fwp%2Fv2%2Ftags&post=213606"}],"curies":[{"name":"wp","href":"https:\/\/api.w.org\/{rel}","templated":true}]}}