{"id":213605,"date":"2013-05-12T13:09:02","date_gmt":"2013-05-12T13:09:02","guid":{"rendered":"http:\/\/diariodominicano.ddns.net\/?p=213605"},"modified":"2013-05-12T13:09:02","modified_gmt":"2013-05-12T13:09:02","slug":"garantizan-rd-esta-lista-para-tribunal-de-arbitraje","status":"publish","type":"post","link":"https:\/\/diariodominicano.com\/?p=213605","title":{"rendered":"Garantizan RD est\u00e1 lista para Tribunal de Arbitraje"},"content":{"rendered":"<p><body><\/p>\n<p><img decoding=\"async\" src=\"http:\/\/localhost:8080\/img3\/Clausura.jpg\" \/>  <\/p>\n<p><span class=\"text1noticias\">Santo Domingo, RD, 12 de Mayo.-Con la garant\u00eda de que la Rep\u00fablica Dominicana est\u00e1 preparada para poner en marcha el Tribunal de Arbitraje y Conciliaci\u00f3n Deportiva, qued\u00f3 concluido este s\u00e1bado el seminario taller sobre Tribunal de Arbitraje y Conciliaci\u00f3n Deportiva en la sede del Comit\u00e9 Ol\u00edmpico Dominicano (COD).<\/span><\/p>\n<\/p>\n<p><span class=\"text1noticias\">El presidente del COD, Luis Mej\u00eda, y el doctor Samuel Arias Arzeno, coincidieron en se\u00f1alar por separado que el seminario taller llen\u00f3 las expectativas y que las condiciones est\u00e1n dadas para emprender un nuevo camino hacia el desarrollo del deporte.<\/span><\/p>\n<\/p>\n<p><span class=\"text1noticias\">\u00abLa Rep\u00fablica Dominicana est\u00e1 preparada para un Laudo Arbitral, solo tenemos que crear conciencia y promover este nuevo proyecto que se pone en marcha\u00bb, indic\u00f3 el doctor Arias Arzeno, quien es miembro del Consejo Judicial de la Rep\u00fablica Dominicana.<\/span><\/p>\n<\/p>\n<p><span class=\"text1noticias\">El seminario taller sobre Tribunal de Arbitraje y Conciliaci\u00f3n Deportiva se llev\u00f3 a cabo desde el pasado jueves en el sal\u00f3n Juan Ulises Garc\u00eda Saleta con el apoyo del COD a trav\u00e9s del programa Solidaridad Ol\u00edmpica Internacional y tuvo como facilitador al espa\u00f1ol Andreu Camps Povill.<\/span><\/p>\n<\/p>\n<p><span class=\"text1noticias\">\u00abEstamos listos para emprender este camino. El Tribunal de Arbitraje y Conciliaci\u00f3n Deportiva lleva dos a\u00f1os oficializado y en este proceso hemos madurado, la dirigencia deportiva se ha superado\u00bb, se\u00f1al\u00f3 Luis Mej\u00eda, presidente del COD, en el cierre de la actividad.<\/span><\/p>\n<\/p>\n<p><span class=\"text1noticias\">Mej\u00eda dijo que el Tribunal de Arbitraje y Conciliaci\u00f3n Deportiva est\u00e1 llamado a ser una herramienta fundamental para la conciliaci\u00f3n del deporte de la Rep\u00fablica Dominicana. \u00abA trav\u00e9s de este Tribunal vamos a dejar a un lado las triqui\u00f1uelas e irregularidades para quedarse en el poder o quitarle sus derechos a los atletas. Viene a llenar un vac\u00edo fundamental para la buena marcha del deporte\u00bb, agreg\u00f3.<\/span><\/p>\n<p><span class=\"text1noticias\">El catedr\u00e1tico de derecho deportivo, el doctor Andreu Camps Povill, as\u00ed como el jurista dominicano Samuel Arias Arzeno, miembro del Consejo del Poder Judicial, fueron los facilitadores del seminario taller sobre Tribunal de Arbitraje y Conciliaci\u00f3n Deportiva.<\/span><\/p>\n<\/p>\n<p><span class=\"text1noticias\">La actividad estuvo dirigida a dos miembros de cada una de las federaciones deportivas, uno de los cuales necesariamente ten\u00eda que ser abogado, y adem\u00e1s acudieron personas del movimiento ol\u00edmpico.<\/span><\/p>\n<p><span class=\"text1noticias\">La coordinaci\u00f3n del seminario taller estuvo a cargo del profesor Nelly Manuel Do\u00f1\u00e9, miembro del comit\u00e9 ejecutivo del COD, y Ginette D\u00edaz Soto, Consultora legal del organismo ol\u00edmpico.<\/span><\/p>\n<\/p>\n<p><span class=\"text1noticias\">El Tribunal de Arbitraje, que fue preparado por la Suprema Corte de Justicia, est\u00e1 constituido desde hace dos a\u00f1os, pero todav\u00eda no se hab\u00eda puesto en ejecuci\u00f3n. Esta es una instancia que existe en varios pa\u00edses del mundo y est\u00e1 contenido en la Nueva Ley del Deporte.<\/span><\/p>\n<\/p>\n<p><span class=\"text1noticias\">El Tribunal de Arbitraje fue creado con la finalidad de trabajar en los casos que no puedan resolver las propias federaciones en sus tribunales disciplinarios.(HG)<\/span>.<\/p>\n<\/p>\n<h6> 2013-05-12 13:09:02 <\/h6>\n<p><!--\n<link rel=\"stylesheet\" href=\"css\/bootstrap.min.css\">\n\n\n<ul class=\"pagination\">\n\t    \n\t\n\n<li >\n\t<a href='?page_no=20714'>Previous<\/a>\n\t<\/li>\n\n\n       \n    \n\n<li><a href='?page_no=1'>1<\/a><\/li>\n\n\n\n<li><a href='?page_no=2'>2<\/a><\/li>\n\n\n\n<li><a>...<\/a><\/li>\n\n\n\n<li><a href='?page_no=20713'>20713<\/a><\/li>\n\n\n\n<li><a href='?page_no=20714'>20714<\/a><\/li>\n\n\n\n<li class='active'><a>20715<\/a><\/li>\n\n\n\n<li><a href='?page_no=20716'>20716<\/a><\/li>\n\n\n\n<li><a href='?page_no=20717'>20717<\/a><\/li>\n\n\n\n<li><a>...<\/a><\/li>\n\n\n\n<li><a href='?page_no=36618'>36618<\/a><\/li>\n\n\n\n<li><a href='?page_no=36619'>36619<\/a><\/li>\n\n    \n\t\n\n<li >\n\t<a href='?page_no=20716'>Next<\/a>\n\t<\/li>\n\n\n    \n\n<li><a href='?page_no=36619'>Last &rsaquo;&rsaquo;<\/a><\/li>\n\n<\/ul>\n\n\n--><br \/>\n<\/body><\/p>\n","protected":false},"excerpt":{"rendered":"<p>Santo Domingo, RD, 12 de Mayo.-Con la garant\u00eda de que la Rep\u00fablica Dominicana est\u00e1 preparada para poner en marcha el Tribunal de Arbitraje y Conciliaci\u00f3n Deportiva, qued\u00f3 concluido este s\u00e1bado el seminario taller sobre Tribunal de Arbitraje y Conciliaci\u00f3n Deportiva en la sede del Comit\u00e9 Ol\u00edmpico Dominicano (COD). El presidente del COD, Luis Mej\u00eda, y [&hellip;]<\/p>\n","protected":false},"author":3,"featured_media":0,"comment_status":"open","ping_status":"open","sticky":false,"template":"","format":"standard","meta":{"footnotes":""},"categories":[17],"tags":[],"class_list":["post-213605","post","type-post","status-publish","format-standard","hentry","category-deportes"],"_links":{"self":[{"href":"https:\/\/diariodominicano.com\/index.php?rest_route=\/wp\/v2\/posts\/213605","targetHints":{"allow":["GET"]}}],"collection":[{"href":"https:\/\/diariodominicano.com\/index.php?rest_route=\/wp\/v2\/posts"}],"about":[{"href":"https:\/\/diariodominicano.com\/index.php?rest_route=\/wp\/v2\/types\/post"}],"author":[{"embeddable":true,"href":"https:\/\/diariodominicano.com\/index.php?rest_route=\/wp\/v2\/users\/3"}],"replies":[{"embeddable":true,"href":"https:\/\/diariodominicano.com\/index.php?rest_route=%2Fwp%2Fv2%2Fcomments&post=213605"}],"version-history":[{"count":0,"href":"https:\/\/diariodominicano.com\/index.php?rest_route=\/wp\/v2\/posts\/213605\/revisions"}],"wp:attachment":[{"href":"https:\/\/diariodominicano.com\/index.php?rest_route=%2Fwp%2Fv2%2Fmedia&parent=213605"}],"wp:term":[{"taxonomy":"category","embeddable":true,"href":"https:\/\/diariodominicano.com\/index.php?rest_route=%2Fwp%2Fv2%2Fcategories&post=213605"},{"taxonomy":"post_tag","embeddable":true,"href":"https:\/\/diariodominicano.com\/index.php?rest_route=%2Fwp%2Fv2%2Ftags&post=213605"}],"curies":[{"name":"wp","href":"https:\/\/api.w.org\/{rel}","templated":true}]}}