{"id":213601,"date":"2013-05-12T18:42:44","date_gmt":"2013-05-12T18:42:44","guid":{"rendered":"http:\/\/diariodominicano.ddns.net\/?p=213601"},"modified":"2013-05-12T18:42:44","modified_gmt":"2013-05-12T18:42:44","slug":"bolivar-vargas-siete-decadas-dedicado-en-cuerpo-y-alma-a-la-medicina-y-a-las-pesas","status":"publish","type":"post","link":"https:\/\/diariodominicano.com\/?p=213601","title":{"rendered":"Bol\u00edvar Vargas: siete d\u00e9cadas dedicado en cuerpo y alma a la medicina y a las pesas"},"content":{"rendered":"<p><body><\/p>\n<p><img decoding=\"async\" src=\"img3\/bolivar 12.jpeg\" \/>  <\/p>\n<p>Bol\u00edvar Vargas: siete d\u00e9cadas dedicado en cuerpo y alma a la medicina y a las pesas<\/p>\n<p>Siete d\u00e9cadas dedicado en cuerpo y alma a la medicina y a las pesas<\/p>\n<\/p>\n<p>Entrevista. El doctor Bol\u00edvar Vargas, considerado por muchos como el padre de las pesas en Dominicana, mientras ofrec\u00eda declaraciones a LISTIN DIARIO en su hogar de esta Capital.<\/p>\n<\/p>\n<\/p>\n<p>Freddy Tapia<\/p>\n<p>Santo Domingo<\/p>\n<p>Salvo uno que otro cambio sufrido en el camino, la vida de Bol\u00edvar Vargas Candelario ha transcurrido como la imagin\u00f3. Boca dura, sincero, pero sobre todo sensible, el doctor Vargas ya tiene siete d\u00e9cadas vinculado a las pesas y a la medicina, sus dos grandes pasiones. La segunda la ha puesto al servicio de la primera.<\/p>\n<\/p>\n<p>\u00abNo ha habido un levantador de pesas y atletas de todos los deportes a los que no les haya prestado mi colaboraci\u00f3n de manera desinteresada\u00bb, subraya el propietario del Consultorio Bol\u00edvar Vargas. Le satisface decir que naci\u00f3 \u00aben un campo de un campo de Puerto Plata\u00bb. Se trata de Caraballo, un paraje distante a siete kil\u00f3metros de Montellano.<\/p>\n<\/p>\n<p>Deportista nato <\/p>\n<p>All\u00ed comenz\u00f3 a practicar b\u00e9isbol a la edad de doce a\u00f1os. Posteriormente tambi\u00e9n hizo pininos en baloncesto, gimnasia, las carreras de 400 y 800 metros, as\u00ed como en los lanzamientos del martillo. jabalina y del disco.<\/p>\n<\/p>\n<p>Como jardinero central del equipo amateur de Puerto Plata ten\u00eda buena proyecci\u00f3n. De hecho, estaba siendo observado por el escucha estadounidense Howie Hack, para la \u00e9poca el de mayor incidencia en el pa\u00eds y en el resto del Caribe.<\/p>\n<\/p>\n<p>\u00abSe me hab\u00eda sugerido que ten\u00eda condiciones, pero s\u00f3lo firmar\u00eda si me permit\u00eda seguir estudiando medicina\u00bb, recuerda Vargas Candelario sobre la incompatible propuesta que hizo y que naturalmente fue rechazada por Hack.<\/p>\n<\/p>\n<p>Su fijaci\u00f3n por graduarse en el campo del saber ten\u00eda una poderosa raz\u00f3n de ser y termin\u00f3 dando al traste con la proyecci\u00f3n que llevaba el pelotero.<\/p>\n<\/p>\n<p>Vargas: Una relaci\u00f3n de 50 a\u00f1os con las pesas <\/p>\n<p>A los cuatro a\u00f1os, cansado de echarle fresco con un cart\u00f3n a su madre Rosa Candelario de Vargas, que era asm\u00e1tica, le prometi\u00f3 que le curar\u00eda esa afecci\u00f3n y en gran medida lo logr\u00f3. \u00abMi madre era asm\u00e1tica desde nacimiento y le hice la promesa de estudiar medicina para poder curarla\u00bb, declara Vargas.<\/p>\n<\/p>\n<p>\u00abYa ella ten\u00eda efisema en un pulm\u00f3n y pude mantenerla viva hasta el 1985, esto es 25 \u00f3 30 a\u00f1os m\u00e1s, realmente\u00bb, apunta. \u00abEl da\u00f1o que ella ten\u00eda en el pulm\u00f3n era para haber muerto antes\u00bb.<\/p>\n<\/p>\n<p>\u00c9l le aplic\u00f3 uno de los tratamientos que prepara junto a su esposa Bienvenida Ruzzo de Vargas y que asegura han tenido \u00e9xitos en 26 enfermedades consideradas incurables como el asma, herpes, la cangrena y la soriasis, entre otras.<\/p>\n<\/p>\n<p>Amor por las pesas <\/p>\n<p>Su relaci\u00f3n por las pesas naci\u00f3 influenciado por los \u00e9xitos que tanto nacional como internacionalmente cosechaba Jos\u00e9 M\u00e1rquez en los a\u00f1os 50.<\/p>\n<\/p>\n<p>Las pr\u00e1cticas se intensificaron al llegar a la Capital el cinco de junio de 1956 con la encomienda de comenzar sus estudios de medicina, carrera en la que se gradu\u00f3 el 28 de octubre del 1962. Justo en el s\u00f3tano de esa facultad de la entonces Universidad de Santo Domingo, donde los docentes estudian los cad\u00e1veres, estaba el gimnasio de levantamiento de pesas.<\/p>\n<\/p>\n<p>La necesidad de mejorar su escu\u00e1lido f\u00edsico para tener mejores resultados en el b\u00e9isbol, fue otra de las causas que lo motivaron aingresar al mundo de la halterofilia.<\/p>\n<\/p>\n<p>\u00abLo que comenz\u00f3 como un complemento se termin\u00f3 convirtiendo en la otra gran pasi\u00f3n de mi vida\u00bb, enfatiza Vargas, de 78 a\u00f1os y quien en siete d\u00e9cadas ha fungido como atleta, entrenador, m\u00e9dico de delegaciones dominicanas, dirigente y\u00e1rbitro internacional. Durante 26 a\u00f1os fue presidente de la Federaci\u00f3n Dominicana de Pesas y 57 como miembro del comit\u00e9 ejecutivo de la entidad.<\/p>\n<\/p>\n<p>En el 2011 le entreg\u00f3 la antorcha a William Ozuna, de quien resalta la humildad, seriedad y disposici\u00f3n al trabajo. \u00abEs uno de los tres principales dirigentes de las pesas a nivel mundial\u00bb, resalta.<\/p>\n<\/p>\n<p>Asimismo, le satisface que sus hijos Bol\u00edvar Santiago, Rosanna y la m\u00e1s peque\u00f1a, Paola Michel, de 21 a\u00f1os, hayan seguidos sus pasos en el campo de la medicina. Esta \u00faltima cursa el sexto semestre en Unibe.<\/p>\n<\/p>\n<p>\u00abYa le pas\u00e9 el disco duro de mis conocimientos a Bol\u00edvar y Rosanna, lo que que garantiza que continuar\u00e1n d\u00e1ndole el mismo tratamiento a los pacientes\u00bb, expresa en sentido figurado. \u00abYa puedo morir tranquilo\u00bb.<\/p>\n<\/p>\n<p>Recomendar este articulo por:<\/p>\n<p>Facebook  Twitter\t Digg this  del.icio.us  Technorati  Yahoo<\/p>\n<h6> 2013-05-12 18:42:44 <\/h6>\n<p><!--\n<link rel=\"stylesheet\" href=\"css\/bootstrap.min.css\">\n\n\n<ul class=\"pagination\">\n\t    \n\t\n\n<li >\n\t<a href='?page_no=20710'>Previous<\/a>\n\t<\/li>\n\n\n       \n    \n\n<li><a href='?page_no=1'>1<\/a><\/li>\n\n\n\n<li><a href='?page_no=2'>2<\/a><\/li>\n\n\n\n<li><a>...<\/a><\/li>\n\n\n\n<li><a href='?page_no=20709'>20709<\/a><\/li>\n\n\n\n<li><a href='?page_no=20710'>20710<\/a><\/li>\n\n\n\n<li class='active'><a>20711<\/a><\/li>\n\n\n\n<li><a href='?page_no=20712'>20712<\/a><\/li>\n\n\n\n<li><a href='?page_no=20713'>20713<\/a><\/li>\n\n\n\n<li><a>...<\/a><\/li>\n\n\n\n<li><a href='?page_no=36618'>36618<\/a><\/li>\n\n\n\n<li><a href='?page_no=36619'>36619<\/a><\/li>\n\n    \n\t\n\n<li >\n\t<a href='?page_no=20712'>Next<\/a>\n\t<\/li>\n\n\n    \n\n<li><a href='?page_no=36619'>Last &rsaquo;&rsaquo;<\/a><\/li>\n\n<\/ul>\n\n\n--><br \/>\n<\/body><\/p>\n","protected":false},"excerpt":{"rendered":"<p>Bol\u00edvar Vargas: siete d\u00e9cadas dedicado en cuerpo y alma a la medicina y a las pesas Siete d\u00e9cadas dedicado en cuerpo y alma a la medicina y a las pesas Entrevista. El doctor Bol\u00edvar Vargas, considerado por muchos como el padre de las pesas en Dominicana, mientras ofrec\u00eda declaraciones a LISTIN DIARIO en su hogar [&hellip;]<\/p>\n","protected":false},"author":3,"featured_media":0,"comment_status":"open","ping_status":"open","sticky":false,"template":"","format":"standard","meta":{"footnotes":""},"categories":[17],"tags":[],"class_list":["post-213601","post","type-post","status-publish","format-standard","hentry","category-deportes"],"_links":{"self":[{"href":"https:\/\/diariodominicano.com\/index.php?rest_route=\/wp\/v2\/posts\/213601","targetHints":{"allow":["GET"]}}],"collection":[{"href":"https:\/\/diariodominicano.com\/index.php?rest_route=\/wp\/v2\/posts"}],"about":[{"href":"https:\/\/diariodominicano.com\/index.php?rest_route=\/wp\/v2\/types\/post"}],"author":[{"embeddable":true,"href":"https:\/\/diariodominicano.com\/index.php?rest_route=\/wp\/v2\/users\/3"}],"replies":[{"embeddable":true,"href":"https:\/\/diariodominicano.com\/index.php?rest_route=%2Fwp%2Fv2%2Fcomments&post=213601"}],"version-history":[{"count":0,"href":"https:\/\/diariodominicano.com\/index.php?rest_route=\/wp\/v2\/posts\/213601\/revisions"}],"wp:attachment":[{"href":"https:\/\/diariodominicano.com\/index.php?rest_route=%2Fwp%2Fv2%2Fmedia&parent=213601"}],"wp:term":[{"taxonomy":"category","embeddable":true,"href":"https:\/\/diariodominicano.com\/index.php?rest_route=%2Fwp%2Fv2%2Fcategories&post=213601"},{"taxonomy":"post_tag","embeddable":true,"href":"https:\/\/diariodominicano.com\/index.php?rest_route=%2Fwp%2Fv2%2Ftags&post=213601"}],"curies":[{"name":"wp","href":"https:\/\/api.w.org\/{rel}","templated":true}]}}