{"id":213600,"date":"2013-05-12T19:23:32","date_gmt":"2013-05-12T19:23:32","guid":{"rendered":"http:\/\/diariodominicano.ddns.net\/?p=213600"},"modified":"2013-05-12T19:23:32","modified_gmt":"2013-05-12T19:23:32","slug":"dominicana-vence-a-peru-en-voleibol-y-disputara-final-ante-colombia","status":"publish","type":"post","link":"https:\/\/diariodominicano.com\/?p=213600","title":{"rendered":"Dominicana vence a Per\u00fa  en voleibol y disputar\u00e1 final ante Colombia&#13;"},"content":{"rendered":"<p><body><\/p>\n<p><img decoding=\"async\" src=\"img3\/criollas 12.jpeg\" \/>  <\/p>\n<p>Lima, Per\u00fa 12 mayo.- El equipo de voleibol de la Rep\u00fablica Dominicana derrot\u00f3 en cinco re\u00f1idos parciales al conjunto de Per\u00fa, due\u00f1o  de casa, en un partido de la V Copa Latina que se celebra en el Coliseso Eduardo Dibos. Ahora, las dominicanas se enfrentar\u00e1n a Colombia por el t\u00edtulo.<\/p>\n<\/p>\n<p>Las criollas no contaron con los servicios de las hermanas Martinez, quienes est\u00e1n aquejadas de lesiones.<\/p>\n<\/p>\n<p>Los  parciales finalizaron por 25-13, 23-25, 25-14  21-25 13-15. Las dominicanas  aseguraron un lugar en el podio de la V Copa Latina disputada en el Coliseo Eduardo Dib\u00f3s de Lima.<\/p>\n<\/p>\n<p>En un encuentro que inici\u00f3 muy re\u00f1ido las incas se hicieron de manera r\u00e1pida de la primera manga, las variaciones de Wagner Pacheco, entrenador de las quisqueyanas, lograron equiparar en sets cerrando el segundo por la m\u00ednima diferencia.<\/p>\n<\/p>\n<p>El tercer parcial se repiti\u00f3 la historia el equipo Peruano muy concentrado apabull\u00f3 a las dominicanas que sintieron a\u00fan m\u00e1s las ausencia de las hermanas Brayelin y Jiniery Mart\u00ednez, ambas alejadas del torneo por lesi\u00f3n.<\/p>\n<h6> 2013-05-12 19:23:32 <\/h6>\n<p><!--\n<link rel=\"stylesheet\" href=\"css\/bootstrap.min.css\">\n\n\n<ul class=\"pagination\">\n\t    \n\t\n\n<li >\n\t<a href='?page_no=20709'>Previous<\/a>\n\t<\/li>\n\n\n       \n    \n\n<li><a href='?page_no=1'>1<\/a><\/li>\n\n\n\n<li><a href='?page_no=2'>2<\/a><\/li>\n\n\n\n<li><a>...<\/a><\/li>\n\n\n\n<li><a href='?page_no=20708'>20708<\/a><\/li>\n\n\n\n<li><a href='?page_no=20709'>20709<\/a><\/li>\n\n\n\n<li class='active'><a>20710<\/a><\/li>\n\n\n\n<li><a href='?page_no=20711'>20711<\/a><\/li>\n\n\n\n<li><a href='?page_no=20712'>20712<\/a><\/li>\n\n\n\n<li><a>...<\/a><\/li>\n\n\n\n<li><a href='?page_no=36618'>36618<\/a><\/li>\n\n\n\n<li><a href='?page_no=36619'>36619<\/a><\/li>\n\n    \n\t\n\n<li >\n\t<a href='?page_no=20711'>Next<\/a>\n\t<\/li>\n\n\n    \n\n<li><a href='?page_no=36619'>Last &rsaquo;&rsaquo;<\/a><\/li>\n\n<\/ul>\n\n\n--><br \/>\n<\/body><\/p>\n","protected":false},"excerpt":{"rendered":"<p>Lima, Per\u00fa 12 mayo.- El equipo de voleibol de la Rep\u00fablica Dominicana derrot\u00f3 en cinco re\u00f1idos parciales al conjunto de Per\u00fa, due\u00f1o de casa, en un partido de la V Copa Latina que se celebra en el Coliseso Eduardo Dibos. Ahora, las dominicanas se enfrentar\u00e1n a Colombia por el t\u00edtulo. Las criollas no contaron con [&hellip;]<\/p>\n","protected":false},"author":3,"featured_media":0,"comment_status":"open","ping_status":"open","sticky":false,"template":"","format":"standard","meta":{"footnotes":""},"categories":[17],"tags":[],"class_list":["post-213600","post","type-post","status-publish","format-standard","hentry","category-deportes"],"_links":{"self":[{"href":"https:\/\/diariodominicano.com\/index.php?rest_route=\/wp\/v2\/posts\/213600","targetHints":{"allow":["GET"]}}],"collection":[{"href":"https:\/\/diariodominicano.com\/index.php?rest_route=\/wp\/v2\/posts"}],"about":[{"href":"https:\/\/diariodominicano.com\/index.php?rest_route=\/wp\/v2\/types\/post"}],"author":[{"embeddable":true,"href":"https:\/\/diariodominicano.com\/index.php?rest_route=\/wp\/v2\/users\/3"}],"replies":[{"embeddable":true,"href":"https:\/\/diariodominicano.com\/index.php?rest_route=%2Fwp%2Fv2%2Fcomments&post=213600"}],"version-history":[{"count":0,"href":"https:\/\/diariodominicano.com\/index.php?rest_route=\/wp\/v2\/posts\/213600\/revisions"}],"wp:attachment":[{"href":"https:\/\/diariodominicano.com\/index.php?rest_route=%2Fwp%2Fv2%2Fmedia&parent=213600"}],"wp:term":[{"taxonomy":"category","embeddable":true,"href":"https:\/\/diariodominicano.com\/index.php?rest_route=%2Fwp%2Fv2%2Fcategories&post=213600"},{"taxonomy":"post_tag","embeddable":true,"href":"https:\/\/diariodominicano.com\/index.php?rest_route=%2Fwp%2Fv2%2Ftags&post=213600"}],"curies":[{"name":"wp","href":"https:\/\/api.w.org\/{rel}","templated":true}]}}