{"id":213597,"date":"2013-05-13T14:59:28","date_gmt":"2013-05-13T14:59:28","guid":{"rendered":"http:\/\/diariodominicano.ddns.net\/?p=213597"},"modified":"2013-05-13T14:59:28","modified_gmt":"2013-05-13T14:59:28","slug":"fallece-atleta-a-causa-de-una-leucemia-aguda","status":"publish","type":"post","link":"https:\/\/diariodominicano.com\/?p=213597","title":{"rendered":"Fallece atleta a causa de una leucemia aguda"},"content":{"rendered":"<p><body><\/p>\n<p><img decoding=\"async\" src=\"img3\/dolor 13.jpeg\" \/>  <\/p>\n<p>Marisol Concepci\u00f3n<\/p>\n<p>Fallece atleta a causa de una leucemia aguda<\/p>\n<\/p>\n<p>Marisol Concepci\u00f3n<\/p>\n<\/p>\n<\/p>\n<p>Santo Domingo<\/p>\n<p>Falleci\u00f3 anoche en el Hospital Central de las Fuerzas Armadas la atleta Marisol Concepci\u00f3n, a causa de un choque hipovol\u00e9mico producto de una leucemia aguda.<\/p>\n<\/p>\n<p>El deceso se produjo alrededor de las 11:30 de la noche tras permanecer  tres d\u00edas internada en ese Centro M\u00e9dico.<\/p>\n<\/p>\n<p>Concepci\u00f3n ten\u00eda 21 a\u00f1os, no hab\u00eda procreado hijos y era nativa del paraje Estrella Vieja de la provincia Monte Plata, donde viven sus padres.<\/p>\n<\/p>\n<p>Al momento del suceso, la deportista resid\u00eda en la Villa Ol\u00edmpica de esta ciudad y se dedicaba al atletismo como saltadora triple del Ej\u00e9rcito Nacional donde hab\u00eda ingresado hace tres meses, seg\u00fan inform\u00f3 el director de deporte de esa instituci\u00f3n, coronel Julio Cesar Hern\u00e1ndez.<\/p>\n<\/p>\n<p>Cesar Hern\u00e1ndez la defini\u00f3 como una persona afable, cristiana y de mucho valor.<\/p>\n<\/p>\n<p>\u00abRealmente no parec\u00eda una muchacha de este tiempo, ten\u00eda muchas cualidades positivas\u00bb, dijo.  <\/p>\n<\/p>\n<p>Adem\u00e1s, la hoy occisa inici\u00f3 su carrera en la disciplina de voleibol a la que le hab\u00eda dedicado gran parte de su vida y en la que hab\u00eda alcanzado un gran nivel.<\/p>\n<h6> 2013-05-13 14:59:28 <\/h6>\n<p><!--\n<link rel=\"stylesheet\" href=\"css\/bootstrap.min.css\">\n\n\n<ul class=\"pagination\">\n\t    \n\t\n\n<li >\n\t<a href='?page_no=20706'>Previous<\/a>\n\t<\/li>\n\n\n       \n    \n\n<li><a href='?page_no=1'>1<\/a><\/li>\n\n\n\n<li><a href='?page_no=2'>2<\/a><\/li>\n\n\n\n<li><a>...<\/a><\/li>\n\n\n\n<li><a href='?page_no=20705'>20705<\/a><\/li>\n\n\n\n<li><a href='?page_no=20706'>20706<\/a><\/li>\n\n\n\n<li class='active'><a>20707<\/a><\/li>\n\n\n\n<li><a href='?page_no=20708'>20708<\/a><\/li>\n\n\n\n<li><a href='?page_no=20709'>20709<\/a><\/li>\n\n\n\n<li><a>...<\/a><\/li>\n\n\n\n<li><a href='?page_no=36618'>36618<\/a><\/li>\n\n\n\n<li><a href='?page_no=36619'>36619<\/a><\/li>\n\n    \n\t\n\n<li >\n\t<a href='?page_no=20708'>Next<\/a>\n\t<\/li>\n\n\n    \n\n<li><a href='?page_no=36619'>Last &rsaquo;&rsaquo;<\/a><\/li>\n\n<\/ul>\n\n\n--><br \/>\n<\/body><\/p>\n","protected":false},"excerpt":{"rendered":"<p>Marisol Concepci\u00f3n Fallece atleta a causa de una leucemia aguda Marisol Concepci\u00f3n Santo Domingo Falleci\u00f3 anoche en el Hospital Central de las Fuerzas Armadas la atleta Marisol Concepci\u00f3n, a causa de un choque hipovol\u00e9mico producto de una leucemia aguda. El deceso se produjo alrededor de las 11:30 de la noche tras permanecer tres d\u00edas internada [&hellip;]<\/p>\n","protected":false},"author":3,"featured_media":0,"comment_status":"open","ping_status":"open","sticky":false,"template":"","format":"standard","meta":{"footnotes":""},"categories":[17],"tags":[],"class_list":["post-213597","post","type-post","status-publish","format-standard","hentry","category-deportes"],"_links":{"self":[{"href":"https:\/\/diariodominicano.com\/index.php?rest_route=\/wp\/v2\/posts\/213597","targetHints":{"allow":["GET"]}}],"collection":[{"href":"https:\/\/diariodominicano.com\/index.php?rest_route=\/wp\/v2\/posts"}],"about":[{"href":"https:\/\/diariodominicano.com\/index.php?rest_route=\/wp\/v2\/types\/post"}],"author":[{"embeddable":true,"href":"https:\/\/diariodominicano.com\/index.php?rest_route=\/wp\/v2\/users\/3"}],"replies":[{"embeddable":true,"href":"https:\/\/diariodominicano.com\/index.php?rest_route=%2Fwp%2Fv2%2Fcomments&post=213597"}],"version-history":[{"count":0,"href":"https:\/\/diariodominicano.com\/index.php?rest_route=\/wp\/v2\/posts\/213597\/revisions"}],"wp:attachment":[{"href":"https:\/\/diariodominicano.com\/index.php?rest_route=%2Fwp%2Fv2%2Fmedia&parent=213597"}],"wp:term":[{"taxonomy":"category","embeddable":true,"href":"https:\/\/diariodominicano.com\/index.php?rest_route=%2Fwp%2Fv2%2Fcategories&post=213597"},{"taxonomy":"post_tag","embeddable":true,"href":"https:\/\/diariodominicano.com\/index.php?rest_route=%2Fwp%2Fv2%2Ftags&post=213597"}],"curies":[{"name":"wp","href":"https:\/\/api.w.org\/{rel}","templated":true}]}}