{"id":213592,"date":"2013-05-13T19:45:45","date_gmt":"2013-05-13T19:45:45","guid":{"rendered":"http:\/\/diariodominicano.ddns.net\/?p=213592"},"modified":"2013-05-13T19:45:45","modified_gmt":"2013-05-13T19:45:45","slug":"ministra-de-educacion-da-inicio-a-segundas-convivencias-curriculares-interescolares","status":"publish","type":"post","link":"https:\/\/diariodominicano.com\/?p=213592","title":{"rendered":"&#13;&#13;&#13;Ministra de Educaci\u00f3n da inicio  a Segundas Convivencias Curriculares Interescolares&#13;"},"content":{"rendered":"<p><body><\/p>\n<p>San Crist\u00f3bal, RD, 13 de mayo.-Con la participaci\u00f3n de m\u00e1s de seis mil estudiantes de centros educativos p\u00fablicos y privados locales, el Ministerio de Educaci\u00f3n (MINERD), a trav\u00e9s del Instituto Nacional de Educaci\u00f3n F\u00edsica (INEFI), dio inicio formal a las Segundas Convivencias Curriculares Interescolares a nivel nacional en cuatro disciplinas deportivas.  <\/p>\n<\/p>\n<p>La actividad, celebrada en el polideportivo municipal de aqu\u00ed, estuvo presidida por la ministra de Educaci\u00f3n, licenciada Josefina Pimentel, acompa\u00f1ada del director ejecutivo del INEFI, \u00c1ngel Danilo Mesa; el viceministro de Deportes, Soterio Ram\u00edrez; Julio C\u00e9sar D\u00edaz, gobernador provincial; Dignora Cabrera, directora regional de Educaci\u00f3n; Luis Alberto Tejeda, presidente de la fundaci\u00f3n So\u00f1ando Despierto, y los directores t\u00e9cnico y zonal del INEFI, maestros Nelson Acevedo y Wilson D\u00edaz, respectivamente.<\/p>\n<\/p>\n<p>Al dirigirse a los presentes, la ministra expres\u00f3 que las convivencias curriculares interescolares ratifican la disposici\u00f3n del presidente Danilo Medina, de fortalecer la educaci\u00f3n por medio de la educaci\u00f3n f\u00edsica, el mejor estandarte para contribuir con el desarrollo integral de los estudiantes.<\/p>\n<\/p>\n<p>\u00abDesde el gobierno central, el MINERD, a trav\u00e9s de INEFI, est\u00e1 comprometido a impulsar la educaci\u00f3n f\u00edsica e incentivar el deporte escolar y promover el bienestar y el desarrollo humano integral de los estudiantes\u00bb, resalt\u00f3.<\/p>\n<\/p>\n<p>Dijo que estas segundas convivencias persiguen promover en los alumnos el desarrollo de talentos, y descubrir temprano cu\u00e1les tienen capacidades y vocaci\u00f3n para seguir cultivando las disciplinas deportivas.<\/p>\n<\/p>\n<p>Exhort\u00f3 a los estudiantes a ser dignos representantes de los colores de las banderas de sus centros educativos, y a ser responsables en sus estudios, as\u00ed como a dar el m\u00e1ximo en cada una de las jornadas, para que pongan en alto la educaci\u00f3n f\u00edsica y el deporte escolar en San Crist\u00f3bal. <\/p>\n<\/p>\n<p>De su lado, \u00c1ngel Danilo Mesa resalt\u00f3 que es un honor celebrar estas jornadas interescolares en 104 Distritos Educativos en todo el pa\u00eds, que movilizar\u00e1n unos 103 mil estudiantes que durante 15 d\u00edas  competir\u00e1n en atletismo, b\u00e9isbol, f\u00fatbol y gimnasia.<\/p>\n<\/p>\n<p>Inform\u00f3 que las jornadas iniciaron la semana pasada y se extender\u00e1n hasta el 22 de mayo del presente a\u00f1o, y agradeci\u00f3 el apoyo incondicional del MINERD en la persona de su titular, licenciada Josefina Pimentel.<\/p>\n<\/p>\n<p>Durante la apertura participaron 38 escuelas b\u00e1sicas y 38 centros de media, que suman 76 centros educativos que participar\u00e1n en las jornadas interescolares del Distrito Educativo 04-02, de San Crist\u00f3bal Norte, que dirige el director zonal del INEFI, profesor Wilson D\u00edaz.<\/p>\n<\/p>\n<p>La ministra, acompa\u00f1ada de otras autoridades, hizo entrega de una placa de reconocimiento a Yineisy Paola Reyes, estudiante del tercero de media del liceo Enedina Puello Renville por sus logros en el torneo mundial de levantamiento de pesa juvenil, celebrado recientemente en Lima, Per\u00fa, donde fue ganadora de medallas de oro, plata y bronce.<\/p>\n<\/p>\n<p>La estudiante Yonairy Valdez, estudiante del liceo Enedina Puello Renville, hizo el juramento deportivo.<\/p>\n<h6> 2013-05-13 19:45:45 <\/h6>\n<p><!--\n<link rel=\"stylesheet\" href=\"css\/bootstrap.min.css\">\n\n\n<ul class=\"pagination\">\n\t    \n\t\n\n<li >\n\t<a href='?page_no=20701'>Previous<\/a>\n\t<\/li>\n\n\n       \n    \n\n<li><a href='?page_no=1'>1<\/a><\/li>\n\n\n\n<li><a href='?page_no=2'>2<\/a><\/li>\n\n\n\n<li><a>...<\/a><\/li>\n\n\n\n<li><a href='?page_no=20700'>20700<\/a><\/li>\n\n\n\n<li><a href='?page_no=20701'>20701<\/a><\/li>\n\n\n\n<li class='active'><a>20702<\/a><\/li>\n\n\n\n<li><a href='?page_no=20703'>20703<\/a><\/li>\n\n\n\n<li><a href='?page_no=20704'>20704<\/a><\/li>\n\n\n\n<li><a>...<\/a><\/li>\n\n\n\n<li><a href='?page_no=36618'>36618<\/a><\/li>\n\n\n\n<li><a href='?page_no=36619'>36619<\/a><\/li>\n\n    \n\t\n\n<li >\n\t<a href='?page_no=20703'>Next<\/a>\n\t<\/li>\n\n\n    \n\n<li><a href='?page_no=36619'>Last &rsaquo;&rsaquo;<\/a><\/li>\n\n<\/ul>\n\n\n--><br \/>\n<\/body><\/p>\n","protected":false},"excerpt":{"rendered":"<p>San Crist\u00f3bal, RD, 13 de mayo.-Con la participaci\u00f3n de m\u00e1s de seis mil estudiantes de centros educativos p\u00fablicos y privados locales, el Ministerio de Educaci\u00f3n (MINERD), a trav\u00e9s del Instituto Nacional de Educaci\u00f3n F\u00edsica (INEFI), dio inicio formal a las Segundas Convivencias Curriculares Interescolares a nivel nacional en cuatro disciplinas deportivas. La actividad, celebrada en [&hellip;]<\/p>\n","protected":false},"author":3,"featured_media":0,"comment_status":"open","ping_status":"open","sticky":false,"template":"","format":"standard","meta":{"footnotes":""},"categories":[17],"tags":[],"class_list":["post-213592","post","type-post","status-publish","format-standard","hentry","category-deportes"],"_links":{"self":[{"href":"https:\/\/diariodominicano.com\/index.php?rest_route=\/wp\/v2\/posts\/213592","targetHints":{"allow":["GET"]}}],"collection":[{"href":"https:\/\/diariodominicano.com\/index.php?rest_route=\/wp\/v2\/posts"}],"about":[{"href":"https:\/\/diariodominicano.com\/index.php?rest_route=\/wp\/v2\/types\/post"}],"author":[{"embeddable":true,"href":"https:\/\/diariodominicano.com\/index.php?rest_route=\/wp\/v2\/users\/3"}],"replies":[{"embeddable":true,"href":"https:\/\/diariodominicano.com\/index.php?rest_route=%2Fwp%2Fv2%2Fcomments&post=213592"}],"version-history":[{"count":0,"href":"https:\/\/diariodominicano.com\/index.php?rest_route=\/wp\/v2\/posts\/213592\/revisions"}],"wp:attachment":[{"href":"https:\/\/diariodominicano.com\/index.php?rest_route=%2Fwp%2Fv2%2Fmedia&parent=213592"}],"wp:term":[{"taxonomy":"category","embeddable":true,"href":"https:\/\/diariodominicano.com\/index.php?rest_route=%2Fwp%2Fv2%2Fcategories&post=213592"},{"taxonomy":"post_tag","embeddable":true,"href":"https:\/\/diariodominicano.com\/index.php?rest_route=%2Fwp%2Fv2%2Ftags&post=213592"}],"curies":[{"name":"wp","href":"https:\/\/api.w.org\/{rel}","templated":true}]}}