{"id":213576,"date":"2013-05-14T19:31:26","date_gmt":"2013-05-14T19:31:26","guid":{"rendered":"http:\/\/diariodominicano.ddns.net\/?p=213576"},"modified":"2013-05-14T19:31:26","modified_gmt":"2013-05-14T19:31:26","slug":"instituto-de-formacion-superior-docente-salome-urena-y-ministerio-de-deportes-establecen-politicas-de-cooperacion","status":"publish","type":"post","link":"https:\/\/diariodominicano.com\/?p=213576","title":{"rendered":"Instituto de Formaci\u00f3n Superior Docente Salom\u00e9 Ure\u00f1a y Ministerio de Deportes establecen pol\u00edticas de Cooperaci\u00f3n&#13;"},"content":{"rendered":"<p><body><\/p>\n<p>Santo Domingo, RD, 14 de mayo.- El rector del Instituto de Formaci\u00f3n Docente Salom\u00e9 Ure\u00f1a, doctor Julio S\u00e1nchez  Mari\u00f1ez recibi\u00f3 la visita del  doctor Jaime David Fern\u00e1ndez Mirabal, Ministro de Deportes, y  Marcos D\u00edaz, viceministro con quienes discuti\u00f3 pol\u00edticas de cooperaci\u00f3n para fortalecer los programas de Educaci\u00f3n F\u00edsica de esta instituci\u00f3n,  as\u00ed como la formaci\u00f3n de los atletas de alto rendimiento y los entrenadores f\u00edsicos adscritos al Ministerio de Deportes (Miderec).<\/p>\n<\/p>\n<p>El encuentro se llev\u00f3 a cabo durante la entrega de los T-Shirt   para los atletas del Instituto que intervendr\u00e1n en los \u00abJuegos Universitarios Nacionales 2013\u00bb, que iniciar\u00e1n este  mi\u00e9rcoles.<\/p>\n<\/p>\n<p>Marcos D\u00edaz,  viceministro del Miderec, encargado del \u00c1rea escolar y Universitaria, en presencia del ministro Jaime David Fern\u00e1ndez Mirabal, hizo entrega al doctor Julio S\u00e1nchez Mari\u00f1ez, de las camisetas para los atletas, junto a Daniel Lara, Director de Relaciones Interinstitucionales del Instituto de Formaci\u00f3n Superior Docente Salom\u00e9 Ure\u00f1a.<\/p>\n<\/p>\n<p>El rector doctor Julio S\u00e1nchez Mari\u00f1ez al saludar la visita, dijo  que junto al ministro doctor Jaime David Fern\u00e1ndez Mirabal  establecieron pol\u00edticas de cooperaci\u00f3n que permitir\u00e1n a los estudiantes del Instituto poder utilizar las instalaciones deportivas del Miderec  y tanto los atletas de alto rendimiento como los entrenadores deportivos de ese ministerio podr\u00e1n optar por becas que elevaran el estudio y la formaci\u00f3n a los que opten por la carrera de Educaci\u00f3n F\u00edsica. <\/p>\n<\/p>\n<p>\u00abVamos a impulsar que nuestros atletas de alto rendimiento puedan tener acceso a la educaci\u00f3n superior, al tiempo que los estudiantes de los seis recintos que integran el Instituto podr\u00e1n hacer uso de las instalaciones deportivas del Miderec tanto en el pa\u00eds como en San Pedro de Macor\u00eds, San Juan de la Maguana y Santiago, ciudades donde est\u00e1n establecidos nuestros recintos educativos\u00a8, precis\u00f3 el rector S\u00e1nchez Mari\u00f1ez.<\/p>\n<\/p>\n<p>S\u00e1nchez Mari\u00f1ez exhort\u00f3 a los estudiantes del Instituto a que participen de manera entusiasta en la celebraci\u00f3n de los \u00abJuegos Universitarios, 2013\u00a8,  a la que vez que hizo un llamado a las dem\u00e1s universidades \u00abPara que todas juntas demos el mayor apoyo tanto al torneo universitario como a los planes de impulsar la pr\u00e1ctica de deporte universitario que nos permita fortalecer la carrera de educaci\u00f3n f\u00edsica\u00bb.<\/p>\n<\/p>\n<p>Durante su visita, el ministro Jaime David Fern\u00e1ndez Mirabal y el viceministro Marcos D\u00edaz firmaron el libro de visitantes distinguidos de esta instituci\u00f3n de altos estudios acad\u00e9micos.<\/p>\n<\/p>\n<h6> 2013-05-14 19:31:26 <\/h6>\n<p><!--\n<link rel=\"stylesheet\" href=\"css\/bootstrap.min.css\">\n\n\n<ul class=\"pagination\">\n\t    \n\t\n\n<li >\n\t<a href='?page_no=20685'>Previous<\/a>\n\t<\/li>\n\n\n       \n    \n\n<li><a href='?page_no=1'>1<\/a><\/li>\n\n\n\n<li><a href='?page_no=2'>2<\/a><\/li>\n\n\n\n<li><a>...<\/a><\/li>\n\n\n\n<li><a href='?page_no=20684'>20684<\/a><\/li>\n\n\n\n<li><a href='?page_no=20685'>20685<\/a><\/li>\n\n\n\n<li class='active'><a>20686<\/a><\/li>\n\n\n\n<li><a href='?page_no=20687'>20687<\/a><\/li>\n\n\n\n<li><a href='?page_no=20688'>20688<\/a><\/li>\n\n\n\n<li><a>...<\/a><\/li>\n\n\n\n<li><a href='?page_no=36618'>36618<\/a><\/li>\n\n\n\n<li><a href='?page_no=36619'>36619<\/a><\/li>\n\n    \n\t\n\n<li >\n\t<a href='?page_no=20687'>Next<\/a>\n\t<\/li>\n\n\n    \n\n<li><a href='?page_no=36619'>Last &rsaquo;&rsaquo;<\/a><\/li>\n\n<\/ul>\n\n\n--><br \/>\n<\/body><\/p>\n","protected":false},"excerpt":{"rendered":"<p>Santo Domingo, RD, 14 de mayo.- El rector del Instituto de Formaci\u00f3n Docente Salom\u00e9 Ure\u00f1a, doctor Julio S\u00e1nchez Mari\u00f1ez recibi\u00f3 la visita del doctor Jaime David Fern\u00e1ndez Mirabal, Ministro de Deportes, y Marcos D\u00edaz, viceministro con quienes discuti\u00f3 pol\u00edticas de cooperaci\u00f3n para fortalecer los programas de Educaci\u00f3n F\u00edsica de esta instituci\u00f3n, as\u00ed como la formaci\u00f3n [&hellip;]<\/p>\n","protected":false},"author":3,"featured_media":0,"comment_status":"open","ping_status":"open","sticky":false,"template":"","format":"standard","meta":{"footnotes":""},"categories":[17],"tags":[],"class_list":["post-213576","post","type-post","status-publish","format-standard","hentry","category-deportes"],"_links":{"self":[{"href":"https:\/\/diariodominicano.com\/index.php?rest_route=\/wp\/v2\/posts\/213576","targetHints":{"allow":["GET"]}}],"collection":[{"href":"https:\/\/diariodominicano.com\/index.php?rest_route=\/wp\/v2\/posts"}],"about":[{"href":"https:\/\/diariodominicano.com\/index.php?rest_route=\/wp\/v2\/types\/post"}],"author":[{"embeddable":true,"href":"https:\/\/diariodominicano.com\/index.php?rest_route=\/wp\/v2\/users\/3"}],"replies":[{"embeddable":true,"href":"https:\/\/diariodominicano.com\/index.php?rest_route=%2Fwp%2Fv2%2Fcomments&post=213576"}],"version-history":[{"count":0,"href":"https:\/\/diariodominicano.com\/index.php?rest_route=\/wp\/v2\/posts\/213576\/revisions"}],"wp:attachment":[{"href":"https:\/\/diariodominicano.com\/index.php?rest_route=%2Fwp%2Fv2%2Fmedia&parent=213576"}],"wp:term":[{"taxonomy":"category","embeddable":true,"href":"https:\/\/diariodominicano.com\/index.php?rest_route=%2Fwp%2Fv2%2Fcategories&post=213576"},{"taxonomy":"post_tag","embeddable":true,"href":"https:\/\/diariodominicano.com\/index.php?rest_route=%2Fwp%2Fv2%2Ftags&post=213576"}],"curies":[{"name":"wp","href":"https:\/\/api.w.org\/{rel}","templated":true}]}}