{"id":213575,"date":"2013-05-14T20:03:58","date_gmt":"2013-05-14T20:03:58","guid":{"rendered":"http:\/\/diariodominicano.ddns.net\/?p=213575"},"modified":"2013-05-14T20:03:58","modified_gmt":"2013-05-14T20:03:58","slug":"entrenador-llega-a-rd-a-trabajar-con-equipos-superior-judo","status":"publish","type":"post","link":"https:\/\/diariodominicano.com\/?p=213575","title":{"rendered":"Entrenador llega a RD a trabajar con equipos superior judo"},"content":{"rendered":"<p><body><\/p>\n<p><img decoding=\"async\" src=\"http:\/\/localhost:8080\/img3\/Judo.JPG\" \/>  <\/p>\n<p><span class=\"text1noticias\">Santo Domingo, RD, 14 de Mayo.-El entrenador h\u00fangaro y ex judoca ol\u00edmpico Csak J\u00f3zset, pondr\u00e1 en marcha un programa de preparaci\u00f3n dirigido al seleccionado superior que representar\u00e1 al pa\u00eds en el Campeonato de Judo que se celebrar\u00e1 del 26 de agosto al primero de septiembre pr\u00f3ximo en R\u00edo de Janeiro, Brasil.<\/span><\/p>\n<\/p>\n<p><span class=\"text1noticias\">Csak J\u00f3zset, quien estar\u00e1 en el pa\u00eds por un per\u00edodo de cuatro meses, fue presentado este martes por la Federaci\u00f3n Dominicana de Judo (Fedojudo), a Luis Mej\u00eda y Antonio Acosta, presidente y secretario general, respectivamente, del Comit\u00e9 Ol\u00edmpico Dominicano (COD).<\/span><\/p>\n<\/p>\n<p><span class=\"text1noticias\">El presidente de la Fedojudo, Gilberto Garc\u00eda, explic\u00f3 que el reputado t\u00e9cnico h\u00fangaro llega al pa\u00eds con el respaldo de la Federaci\u00f3n Internacional del Judo y el Comit\u00e9 Ol\u00edmpico Dominicano.<\/span><\/p>\n<\/p>\n<p><span class=\"text1noticias\">\u00abEste entrenador viene con el prop\u00f3sito de elevar el nivel t\u00e9cnico de la selecci\u00f3n superior. Ya el programa de preparaci\u00f3n se est\u00e1 ejecutando y se ha hecho un recorrido por las diferentes regiones\u00bb, sostuvo Garc\u00eda.<\/span><\/p>\n<\/p>\n<p><span class=\"text1noticias\">Al dar la bienvenida y valorar las intenciones de su estad\u00eda en la Rep\u00fablica Dominicana, Luis Mej\u00eda sugiri\u00f3 poner especial atenci\u00f3n a los judocas que han de asistir a los eventos que componen el ciclo ol\u00edmpico.<\/span><\/p>\n<\/p>\n<p><span class=\"text1noticias\">\u00abEl judo es un deporte especial, necesitamos atletas ol\u00edmpicos con un mayor nivel\u00bb, sostuvo Mej\u00eda.<\/span><\/p>\n<\/p>\n<p><span class=\"text1noticias\">El presidente de la Fedojudo manifest\u00f3 que es la primera vez en la historia del judo dominicano que un entrenador del historial y la capacidad de Csak J\u00f3zset estar\u00e1 por cuatro meses trabajando con las selecciones superiores nacionales.<\/span><\/p>\n<\/p>\n<p><span class=\"text1noticias\">Indic\u00f3 que la presencia del entrenador h\u00fangaro en la Rep\u00fablica Dominicana forma parte del programa de desarrollo que ejecuta la Fedojudo con el objetivo de que los atletas alcancen el m\u00e1s nivel competitivo.<\/span><\/p>\n<\/p>\n<p><span class=\"text1noticias\">En la visita al COD, el entrenador internacional de judo y el presidente del COD abordaron diversos puntos, entre los que se encuentran la trayectoria como atleta del ex judoca, el desarrollo del judo mundial y el plan que ejecutar\u00e1 con los deportistas dominicanos.(HG)<\/span>.<\/p>\n<h6> 2013-05-14 20:03:58 <\/h6>\n<p><!--\n<link rel=\"stylesheet\" href=\"css\/bootstrap.min.css\">\n\n\n<ul class=\"pagination\">\n\t    \n\t\n\n<li >\n\t<a href='?page_no=20684'>Previous<\/a>\n\t<\/li>\n\n\n       \n    \n\n<li><a href='?page_no=1'>1<\/a><\/li>\n\n\n\n<li><a href='?page_no=2'>2<\/a><\/li>\n\n\n\n<li><a>...<\/a><\/li>\n\n\n\n<li><a href='?page_no=20683'>20683<\/a><\/li>\n\n\n\n<li><a href='?page_no=20684'>20684<\/a><\/li>\n\n\n\n<li class='active'><a>20685<\/a><\/li>\n\n\n\n<li><a href='?page_no=20686'>20686<\/a><\/li>\n\n\n\n<li><a href='?page_no=20687'>20687<\/a><\/li>\n\n\n\n<li><a>...<\/a><\/li>\n\n\n\n<li><a href='?page_no=36618'>36618<\/a><\/li>\n\n\n\n<li><a href='?page_no=36619'>36619<\/a><\/li>\n\n    \n\t\n\n<li >\n\t<a href='?page_no=20686'>Next<\/a>\n\t<\/li>\n\n\n    \n\n<li><a href='?page_no=36619'>Last &rsaquo;&rsaquo;<\/a><\/li>\n\n<\/ul>\n\n\n--><br \/>\n<\/body><\/p>\n","protected":false},"excerpt":{"rendered":"<p>Santo Domingo, RD, 14 de Mayo.-El entrenador h\u00fangaro y ex judoca ol\u00edmpico Csak J\u00f3zset, pondr\u00e1 en marcha un programa de preparaci\u00f3n dirigido al seleccionado superior que representar\u00e1 al pa\u00eds en el Campeonato de Judo que se celebrar\u00e1 del 26 de agosto al primero de septiembre pr\u00f3ximo en R\u00edo de Janeiro, Brasil. Csak J\u00f3zset, quien estar\u00e1 [&hellip;]<\/p>\n","protected":false},"author":3,"featured_media":0,"comment_status":"open","ping_status":"open","sticky":false,"template":"","format":"standard","meta":{"footnotes":""},"categories":[17],"tags":[],"class_list":["post-213575","post","type-post","status-publish","format-standard","hentry","category-deportes"],"_links":{"self":[{"href":"https:\/\/diariodominicano.com\/index.php?rest_route=\/wp\/v2\/posts\/213575","targetHints":{"allow":["GET"]}}],"collection":[{"href":"https:\/\/diariodominicano.com\/index.php?rest_route=\/wp\/v2\/posts"}],"about":[{"href":"https:\/\/diariodominicano.com\/index.php?rest_route=\/wp\/v2\/types\/post"}],"author":[{"embeddable":true,"href":"https:\/\/diariodominicano.com\/index.php?rest_route=\/wp\/v2\/users\/3"}],"replies":[{"embeddable":true,"href":"https:\/\/diariodominicano.com\/index.php?rest_route=%2Fwp%2Fv2%2Fcomments&post=213575"}],"version-history":[{"count":0,"href":"https:\/\/diariodominicano.com\/index.php?rest_route=\/wp\/v2\/posts\/213575\/revisions"}],"wp:attachment":[{"href":"https:\/\/diariodominicano.com\/index.php?rest_route=%2Fwp%2Fv2%2Fmedia&parent=213575"}],"wp:term":[{"taxonomy":"category","embeddable":true,"href":"https:\/\/diariodominicano.com\/index.php?rest_route=%2Fwp%2Fv2%2Fcategories&post=213575"},{"taxonomy":"post_tag","embeddable":true,"href":"https:\/\/diariodominicano.com\/index.php?rest_route=%2Fwp%2Fv2%2Ftags&post=213575"}],"curies":[{"name":"wp","href":"https:\/\/api.w.org\/{rel}","templated":true}]}}