{"id":213572,"date":"2013-05-14T22:27:49","date_gmt":"2013-05-14T22:27:49","guid":{"rendered":"http:\/\/diariodominicano.ddns.net\/?p=213572"},"modified":"2013-05-14T22:27:49","modified_gmt":"2013-05-14T22:27:49","slug":"tecnico-rafael-heredia-se-recupera-tras-cirugia","status":"publish","type":"post","link":"https:\/\/diariodominicano.com\/?p=213572","title":{"rendered":"T\u00e9cnico Rafael Heredia se recupera tras cirug\u00eda"},"content":{"rendered":"<p><body><\/p>\n<p><img decoding=\"async\" src=\"http:\/\/localhost:8080\/img3\/Heredia.JPG\" \/>  <\/p>\n<p><span class=\"text1noticias\">Santo Domingo, RD, 14 de Mayo.-El t\u00e9cnico deportivo Rafael Heredia fue sometido a una cirug\u00eda de emergencia tras sufrir una obstrucci\u00f3n intestinal y se recupera satisfactoriamente en la cl\u00ednica Abreu de esta ciudad capital.<\/span><\/p>\n<\/p>\n<p><span class=\"text1noticias\">Heredia sufri\u00f3 la reca\u00edda mientras realiza sus labores como t\u00e9cnico en la Copa Municipal de Baloncesto Juan Pablo Duarte que concluy\u00f3 la semana pasada en San Francisco de Macor\u00eds bajo la organizaci\u00f3n de la Federaci\u00f3n Dominicana de Baloncesto (Fedombal) y el respaldo del Ministerio de Deportes, entidad para la cual labora.<\/span><\/p>\n<\/p>\n<p><span class=\"text1noticias\">Tras el proceso quir\u00fargico, el veterano dirigente deportivo fue trasladado a la habitaci\u00f3n 509 del referido Centro M\u00e9dico, por donde han desfilado miembros de la familia deportiva en general para conocer de su salud.<\/span><\/p>\n<\/p>\n<p><span class=\"text1noticias\">Adem\u00e1s de miembros de la familia deportiva, Heredia tambi\u00e9n ha recibido la visita para conocer de su recuperaci\u00f3n, de dirigentes ol\u00edmpicos.<\/span><\/p>\n<\/p>\n<p><span class=\"text1noticias\">Heredia ha sido una figura de peso en la formaci\u00f3n y desarrollo de diferentes deportes, adem\u00e1s de haber trabajo en la organizaci\u00f3n de eventos nacionales e internacionales en el pa\u00eds, entre los que se incluyen juegos nacionales, torneos diversos, Juegos de la Confraternidad, entre otros.<\/span><\/p>\n<\/p>\n<p><span class=\"text1noticias\">Se espera que el veterano t\u00e9cnico deportivo se recupere de la cirug\u00eda de obstrucci\u00f3n intestinal a la que fue sometido para que se reintegre a sus labores cotidianas en el quehacer deportivo.(HG)<\/span>.<\/p>\n<h6> 2013-05-14 22:27:49 <\/h6>\n<p><!--\n<link rel=\"stylesheet\" href=\"css\/bootstrap.min.css\">\n\n\n<ul class=\"pagination\">\n\t    \n\t\n\n<li >\n\t<a href='?page_no=20681'>Previous<\/a>\n\t<\/li>\n\n\n       \n    \n\n<li><a href='?page_no=1'>1<\/a><\/li>\n\n\n\n<li><a href='?page_no=2'>2<\/a><\/li>\n\n\n\n<li><a>...<\/a><\/li>\n\n\n\n<li><a href='?page_no=20680'>20680<\/a><\/li>\n\n\n\n<li><a href='?page_no=20681'>20681<\/a><\/li>\n\n\n\n<li class='active'><a>20682<\/a><\/li>\n\n\n\n<li><a href='?page_no=20683'>20683<\/a><\/li>\n\n\n\n<li><a href='?page_no=20684'>20684<\/a><\/li>\n\n\n\n<li><a>...<\/a><\/li>\n\n\n\n<li><a href='?page_no=36618'>36618<\/a><\/li>\n\n\n\n<li><a href='?page_no=36619'>36619<\/a><\/li>\n\n    \n\t\n\n<li >\n\t<a href='?page_no=20683'>Next<\/a>\n\t<\/li>\n\n\n    \n\n<li><a href='?page_no=36619'>Last &rsaquo;&rsaquo;<\/a><\/li>\n\n<\/ul>\n\n\n--><br \/>\n<\/body><\/p>\n","protected":false},"excerpt":{"rendered":"<p>Santo Domingo, RD, 14 de Mayo.-El t\u00e9cnico deportivo Rafael Heredia fue sometido a una cirug\u00eda de emergencia tras sufrir una obstrucci\u00f3n intestinal y se recupera satisfactoriamente en la cl\u00ednica Abreu de esta ciudad capital. Heredia sufri\u00f3 la reca\u00edda mientras realiza sus labores como t\u00e9cnico en la Copa Municipal de Baloncesto Juan Pablo Duarte que concluy\u00f3 [&hellip;]<\/p>\n","protected":false},"author":3,"featured_media":0,"comment_status":"open","ping_status":"open","sticky":false,"template":"","format":"standard","meta":{"footnotes":""},"categories":[17],"tags":[],"class_list":["post-213572","post","type-post","status-publish","format-standard","hentry","category-deportes"],"_links":{"self":[{"href":"https:\/\/diariodominicano.com\/index.php?rest_route=\/wp\/v2\/posts\/213572","targetHints":{"allow":["GET"]}}],"collection":[{"href":"https:\/\/diariodominicano.com\/index.php?rest_route=\/wp\/v2\/posts"}],"about":[{"href":"https:\/\/diariodominicano.com\/index.php?rest_route=\/wp\/v2\/types\/post"}],"author":[{"embeddable":true,"href":"https:\/\/diariodominicano.com\/index.php?rest_route=\/wp\/v2\/users\/3"}],"replies":[{"embeddable":true,"href":"https:\/\/diariodominicano.com\/index.php?rest_route=%2Fwp%2Fv2%2Fcomments&post=213572"}],"version-history":[{"count":0,"href":"https:\/\/diariodominicano.com\/index.php?rest_route=\/wp\/v2\/posts\/213572\/revisions"}],"wp:attachment":[{"href":"https:\/\/diariodominicano.com\/index.php?rest_route=%2Fwp%2Fv2%2Fmedia&parent=213572"}],"wp:term":[{"taxonomy":"category","embeddable":true,"href":"https:\/\/diariodominicano.com\/index.php?rest_route=%2Fwp%2Fv2%2Fcategories&post=213572"},{"taxonomy":"post_tag","embeddable":true,"href":"https:\/\/diariodominicano.com\/index.php?rest_route=%2Fwp%2Fv2%2Ftags&post=213572"}],"curies":[{"name":"wp","href":"https:\/\/api.w.org\/{rel}","templated":true}]}}