{"id":213493,"date":"2013-05-21T20:38:44","date_gmt":"2013-05-21T20:38:44","guid":{"rendered":"http:\/\/diariodominicano.ddns.net\/?p=213493"},"modified":"2013-05-21T20:38:44","modified_gmt":"2013-05-21T20:38:44","slug":"union-europea-representado-por-la-escuela-bauger-conquista-copa-europea-de-futbol","status":"publish","type":"post","link":"https:\/\/diariodominicano.com\/?p=213493","title":{"rendered":"Uni\u00f3n Europea representado por la Escuela Bauger conquista Copa Europea de F\u00fatbol&#13;&#13;&#13;"},"content":{"rendered":"<p><body><\/p>\n<p><img decoding=\"async\" src=\"http:\/\/localhost:8080\/img3\/futbol.JPG\" \/>  <\/p>\n<p><span class=\"text1noticias\">Santo Domingo, RD, 21 de Mayo.-Uni\u00f3n Europea representado por la Escuela Bauger, result\u00f3 ser el ganador la Copa Europea de F\u00fatbol, mientras que el segunda lugar lo fue  el combinado de Inglaterra representado po el Colegio St. George School.<\/span><\/p>\n<\/p>\n<p><span class=\"text1noticias\">En este atractivo certamen futbol\u00edstico participaron  ocho equipos que actuaron  en representaci\u00f3n de igual n\u00famero de embajadas de  pa\u00edses miembro de la Uni\u00f3n Europea y en el mismo jugaron estudiantes nacidos en el a\u00f1o 2000 \u00f3 despu\u00e9s.<\/span><\/p>\n<\/p>\n<p><span class=\"text1noticias\">Los diecis\u00e9is partidos de la justa en la modalidad de f\u00fatbol-5, se disputaron en el complejo deportivo de Soccer Town, donde participaron La Delegaci\u00f3n de la Uni\u00f3n Europea y las embajadas de los pa\u00edses miembros de la UE en la Rep\u00fablica Dominicana<\/span><\/p>\n<\/p>\n<p><span class=\"text1noticias\">En tanto, la Casa de Espa\u00f1a ostent\u00f3 la representaci\u00f3n de  Espa\u00f1a, el Liceo Franc\u00e9s jug\u00f3 por Francia y Soccer Town fue el representante de B\u00e9lgica.<\/span><\/p>\n<\/p>\n<p><span class=\"text1noticias\">El Colegio St. Thomas jug\u00f3  en representaci\u00f3n de Alemania, Bob Soccer School (Colegio ABC) jug\u00f3 por Italia mientras que el Colegio La Sall\u00e9 de Santiago lo hizo por Holanda quedando en tercer lugar de la competencia.<\/span><\/p>\n<\/p>\n<p><span class=\"text1noticias\">Los organizadores del certamen deportivo la calificaron como una competencia sana, compa\u00f1erismo, destreza en la cancha, alta tensi\u00f3n.(HG)<\/span>.<\/p>\n<h6> 2013-05-21 20:38:44 <\/h6>\n<p><!--\n<link rel=\"stylesheet\" href=\"css\/bootstrap.min.css\">\n\n\n<ul class=\"pagination\">\n\t    \n\t\n\n<li >\n\t<a href='?page_no=20602'>Previous<\/a>\n\t<\/li>\n\n\n       \n    \n\n<li><a href='?page_no=1'>1<\/a><\/li>\n\n\n\n<li><a href='?page_no=2'>2<\/a><\/li>\n\n\n\n<li><a>...<\/a><\/li>\n\n\n\n<li><a href='?page_no=20601'>20601<\/a><\/li>\n\n\n\n<li><a href='?page_no=20602'>20602<\/a><\/li>\n\n\n\n<li class='active'><a>20603<\/a><\/li>\n\n\n\n<li><a href='?page_no=20604'>20604<\/a><\/li>\n\n\n\n<li><a href='?page_no=20605'>20605<\/a><\/li>\n\n\n\n<li><a>...<\/a><\/li>\n\n\n\n<li><a href='?page_no=36618'>36618<\/a><\/li>\n\n\n\n<li><a href='?page_no=36619'>36619<\/a><\/li>\n\n    \n\t\n\n<li >\n\t<a href='?page_no=20604'>Next<\/a>\n\t<\/li>\n\n\n    \n\n<li><a href='?page_no=36619'>Last &rsaquo;&rsaquo;<\/a><\/li>\n\n<\/ul>\n\n\n--><br \/>\n<\/body><\/p>\n","protected":false},"excerpt":{"rendered":"<p>Santo Domingo, RD, 21 de Mayo.-Uni\u00f3n Europea representado por la Escuela Bauger, result\u00f3 ser el ganador la Copa Europea de F\u00fatbol, mientras que el segunda lugar lo fue el combinado de Inglaterra representado po el Colegio St. George School. En este atractivo certamen futbol\u00edstico participaron ocho equipos que actuaron en representaci\u00f3n de igual n\u00famero de [&hellip;]<\/p>\n","protected":false},"author":3,"featured_media":0,"comment_status":"open","ping_status":"open","sticky":false,"template":"","format":"standard","meta":{"footnotes":""},"categories":[17],"tags":[],"class_list":["post-213493","post","type-post","status-publish","format-standard","hentry","category-deportes"],"_links":{"self":[{"href":"https:\/\/diariodominicano.com\/index.php?rest_route=\/wp\/v2\/posts\/213493","targetHints":{"allow":["GET"]}}],"collection":[{"href":"https:\/\/diariodominicano.com\/index.php?rest_route=\/wp\/v2\/posts"}],"about":[{"href":"https:\/\/diariodominicano.com\/index.php?rest_route=\/wp\/v2\/types\/post"}],"author":[{"embeddable":true,"href":"https:\/\/diariodominicano.com\/index.php?rest_route=\/wp\/v2\/users\/3"}],"replies":[{"embeddable":true,"href":"https:\/\/diariodominicano.com\/index.php?rest_route=%2Fwp%2Fv2%2Fcomments&post=213493"}],"version-history":[{"count":0,"href":"https:\/\/diariodominicano.com\/index.php?rest_route=\/wp\/v2\/posts\/213493\/revisions"}],"wp:attachment":[{"href":"https:\/\/diariodominicano.com\/index.php?rest_route=%2Fwp%2Fv2%2Fmedia&parent=213493"}],"wp:term":[{"taxonomy":"category","embeddable":true,"href":"https:\/\/diariodominicano.com\/index.php?rest_route=%2Fwp%2Fv2%2Fcategories&post=213493"},{"taxonomy":"post_tag","embeddable":true,"href":"https:\/\/diariodominicano.com\/index.php?rest_route=%2Fwp%2Fv2%2Ftags&post=213493"}],"curies":[{"name":"wp","href":"https:\/\/api.w.org\/{rel}","templated":true}]}}