{"id":213482,"date":"2013-05-22T19:39:36","date_gmt":"2013-05-22T19:39:36","guid":{"rendered":"http:\/\/diariodominicano.ddns.net\/?p=213482"},"modified":"2013-05-22T19:39:36","modified_gmt":"2013-05-22T19:39:36","slug":"cod-envia-representantes-a-foro-solidaridad-olimpica","status":"publish","type":"post","link":"https:\/\/diariodominicano.com\/?p=213482","title":{"rendered":"COD env\u00eda representantes a foro Solidaridad Ol\u00edmpica"},"content":{"rendered":"<p><body><\/p>\n<p><img decoding=\"async\" src=\"http:\/\/localhost:8080\/img3\/solidaridad.JPG\" \/>  <\/p>\n<p><span class=\"text1noticias\">Santo Domingo, RD, 22 de Mayo.-El profesor Luis Elpidio Cumba y la licenciada Awilda Feliz partieron este mi\u00e9rcoles hacia San Jos\u00e9, Costa Rica para tomar parte en el curso sobre el uso del Plan Cuatrenial de los Recursos que asigna Solidaridad Ol\u00edmpica Internacional.<\/span><\/p>\n<\/p>\n<p><span class=\"text1noticias\">Cumba y Feliz asisten a dicho Foro Regional en representaci\u00f3n del programa Solidaridad Ol\u00edmpica del Comit\u00e9 Ol\u00edmpico Dominicano (COD) y concluir\u00e1 este s\u00e1bado.<\/span><\/p>\n<\/p>\n<p><span class=\"text1noticias\">El encuentro de capacitaci\u00f3n tiene como objetivo la capacitaci\u00f3n en el montaje de las actividades y los recursos que se destinan para que se cumpla con los objetivos planteados por el programa Solidaridad Ol\u00edmpica Internacional.<\/span><\/p>\n<\/p>\n<p><span class=\"text1noticias\">El curso, en el que participan representantes de los distintos pa\u00edses de la regi\u00f3n del Caribe, es auspiciado por Solidaridad Ol\u00edmpica Internacional y abarca el plan cuatrenial 2013\/2016.<\/span><\/p>\n<\/p>\n<p><span class=\"text1noticias\">Luis Elpidio Cumba es el director del Programa Educaci\u00f3n Ol\u00edmpica del Comit\u00e9 Ol\u00edmpico Dominicano (COD), mientras que Awilda Feliz desempe\u00f1a la funci\u00f3n de asistente del Programa Solidaridad Ol\u00edmpica del COD, el cual da apoyo a las iniciativas de las federaciones, preparaci\u00f3n de los atletas, entrenadores y dirigentes, entre otros.<\/span><\/p>\n<\/p>\n<p><span class=\"text1noticias\">Entre los temas a abordar en el encuentro est\u00e1n: programas para atletas y entrenadores, consultas con los representantes de los diferentes comit\u00e9s ol\u00edmpicos nacionales, programas de promoci\u00f3n de valores ol\u00edmpicos, as\u00ed como exposiciones de las actividades que se realizan en los diferentes pa\u00edses, entre otros.(HG)<\/span>.<\/p>\n<\/p>\n<h6> 2013-05-22 19:39:36 <\/h6>\n<p><!--\n<link rel=\"stylesheet\" href=\"css\/bootstrap.min.css\">\n\n\n<ul class=\"pagination\">\n\t    \n\t\n\n<li >\n\t<a href='?page_no=20591'>Previous<\/a>\n\t<\/li>\n\n\n       \n    \n\n<li><a href='?page_no=1'>1<\/a><\/li>\n\n\n\n<li><a href='?page_no=2'>2<\/a><\/li>\n\n\n\n<li><a>...<\/a><\/li>\n\n\n\n<li><a href='?page_no=20590'>20590<\/a><\/li>\n\n\n\n<li><a href='?page_no=20591'>20591<\/a><\/li>\n\n\n\n<li class='active'><a>20592<\/a><\/li>\n\n\n\n<li><a href='?page_no=20593'>20593<\/a><\/li>\n\n\n\n<li><a href='?page_no=20594'>20594<\/a><\/li>\n\n\n\n<li><a>...<\/a><\/li>\n\n\n\n<li><a href='?page_no=36618'>36618<\/a><\/li>\n\n\n\n<li><a href='?page_no=36619'>36619<\/a><\/li>\n\n    \n\t\n\n<li >\n\t<a href='?page_no=20593'>Next<\/a>\n\t<\/li>\n\n\n    \n\n<li><a href='?page_no=36619'>Last &rsaquo;&rsaquo;<\/a><\/li>\n\n<\/ul>\n\n\n--><br \/>\n<\/body><\/p>\n","protected":false},"excerpt":{"rendered":"<p>Santo Domingo, RD, 22 de Mayo.-El profesor Luis Elpidio Cumba y la licenciada Awilda Feliz partieron este mi\u00e9rcoles hacia San Jos\u00e9, Costa Rica para tomar parte en el curso sobre el uso del Plan Cuatrenial de los Recursos que asigna Solidaridad Ol\u00edmpica Internacional. Cumba y Feliz asisten a dicho Foro Regional en representaci\u00f3n del programa [&hellip;]<\/p>\n","protected":false},"author":3,"featured_media":0,"comment_status":"open","ping_status":"open","sticky":false,"template":"","format":"standard","meta":{"footnotes":""},"categories":[17],"tags":[],"class_list":["post-213482","post","type-post","status-publish","format-standard","hentry","category-deportes"],"_links":{"self":[{"href":"https:\/\/diariodominicano.com\/index.php?rest_route=\/wp\/v2\/posts\/213482","targetHints":{"allow":["GET"]}}],"collection":[{"href":"https:\/\/diariodominicano.com\/index.php?rest_route=\/wp\/v2\/posts"}],"about":[{"href":"https:\/\/diariodominicano.com\/index.php?rest_route=\/wp\/v2\/types\/post"}],"author":[{"embeddable":true,"href":"https:\/\/diariodominicano.com\/index.php?rest_route=\/wp\/v2\/users\/3"}],"replies":[{"embeddable":true,"href":"https:\/\/diariodominicano.com\/index.php?rest_route=%2Fwp%2Fv2%2Fcomments&post=213482"}],"version-history":[{"count":0,"href":"https:\/\/diariodominicano.com\/index.php?rest_route=\/wp\/v2\/posts\/213482\/revisions"}],"wp:attachment":[{"href":"https:\/\/diariodominicano.com\/index.php?rest_route=%2Fwp%2Fv2%2Fmedia&parent=213482"}],"wp:term":[{"taxonomy":"category","embeddable":true,"href":"https:\/\/diariodominicano.com\/index.php?rest_route=%2Fwp%2Fv2%2Fcategories&post=213482"},{"taxonomy":"post_tag","embeddable":true,"href":"https:\/\/diariodominicano.com\/index.php?rest_route=%2Fwp%2Fv2%2Ftags&post=213482"}],"curies":[{"name":"wp","href":"https:\/\/api.w.org\/{rel}","templated":true}]}}