{"id":213429,"date":"2013-05-27T22:13:57","date_gmt":"2013-05-27T22:13:57","guid":{"rendered":"http:\/\/diariodominicano.ddns.net\/?p=213429"},"modified":"2013-05-27T22:13:57","modified_gmt":"2013-05-27T22:13:57","slug":"lideres-nacional-kendall-de-motocross","status":"publish","type":"post","link":"https:\/\/diariodominicano.com\/?p=213429","title":{"rendered":"Lideres nacional Kendall de motocross"},"content":{"rendered":"<p><body><\/p>\n<p><span class=\"text1noticias\">Santiago, RD, 27 de Mayo.-Los pilotos, Lu\u00eds Jos\u00e9 Dur\u00e1n, Angel Miguel Ovalles, Glasses Jim\u00e9nez, Darnell Lantigua, Richard L\u00f3pez, Manny Mora, Melvin Quiroz y Darwin B\u00e1ez, encabezan la clasificaci\u00f3n individual del campeonato nacional Kendall de motocross\u00b42013. <\/span><\/p>\n<\/p>\n<p><span class=\"text1noticias\">Luego de cuatro fechas, Dur\u00e1n, de Jarabacoa, es primero en la categor\u00eda MX-1 para expertos, con 123 puntos, siendo seguido por, David Chac\u00f3n, Costa Rica, con 120; Jossiel Ismaury Brito, Sos\u00faa, 118; Jim Beily Pacheco, La Vega, 117; Starling Vargas, Santiago, 88; Lu\u00eds Freddy Mor\u00edn, Moca, 54; Edwin Ventura, Puerto Plata, 38; Randy M\u00e9ndez, Gurabo, y Michel Romero, La Vega, 34, as\u00ed como Rub\u00e9n la Hoz, Santiago, 27.<\/span><\/p>\n<\/p>\n<p><span class=\"text1noticias\">MX-2 para expertos: Dur\u00e1n, 147; Brito, 118; Pacheco, 116; Samuel Col\u00f3n, Santiago, 91; David Chac\u00f3n, 90; Angel Miguel Ovalles, Santo Domingo, 63; Romero, 38 y M\u00e9ndez, 29.<\/span><\/p>\n<\/p>\n<p><span class=\"text1noticias\">Pre-expertos en MX-2: Ovalles, 133; M\u00e9ndez, 122; Jonathan L\u00f3pez, Jarabacoa, 107; Col\u00f3n, 100; Leonel Santiago, Santiago, 58; Jobel Coronado, La Vega, 45; Adonis Bueno N\u00fa\u00f1ez, Jarabacoa, y Edward Rodr\u00edguez, La capital, 40;  Byan Coh\u00e9n, La Vega, 33; Randy Fern\u00e1ndez, Santiago, 30 y Cristopher Padilla, Honduras, 29.<\/span><\/p>\n<\/p>\n<p><span class=\"text1noticias\">Master: Jim\u00e9nez, del team Kendall Racing, de Santiago, 167; Starling Vargas, 141; C\u00e9sar D\u00edaz, Santiago, 130; Jorge Su\u00e1rez, La Vega, 96; Morin, 95; Sime\u00f3n Loveras, San Jos\u00e9 de las Matas, 91; Rub\u00e9n la Hoz, 89; Michel Romero, La Vega, 73; Ventura, 47 y leandro Mercedes, 36.<\/span><\/p>\n<\/p>\n<p><span class=\"text1noticias\">85cc: Darnell Lantigua, de la capital, 145; Luiggie G\u00f3mez, Moca, 116; Max Angles, Cuba, 107; Cristopher Padilla, Honduras, 100; Alexander Rodr\u00edguez, Dajab\u00f3n, 95; Esteban Disla, La Vega, 94; Starling Mora, La Vega, 61; Joshua Holsteinsen, europeo, 22 y Edwin M\u00e9ndez, Santiago, 11.<\/span><\/p>\n<\/p>\n<p><span class=\"text1noticias\">Novatos: Richard L\u00f3pez, de Tamboril, 122; Jonathan L\u00f3pez, 101; Leonel Santiago, 91; Divaris Rodr\u00edguez, Dajab\u00f3n, 72; Jonathan Toribio, Moca, 60; Jos\u00e9 Padilla, Honduras, 52; Willy Brito, Salcedo, 42; Davis Trinidad, La Vega, 35; Ricky Tarrazo, Distrito Nacional, 34; Nelson Taveras, Dajab\u00f3n, 27; Rodofolfo Nuess, Distrito Nacional,  y Ad\u00f3n F\u00e9lix, Santo Domingo, 23; Noel Castillo, Santiago, 21; David Goico, Distrito Nacional, 20 y Alex M\u00e9ndez, Santiago, 15.<\/span><\/p>\n<\/p>\n<p><span class=\"text1noticias\">65cc: Manny Mora, de La Vega, 145; Jefried Taveras, Salcedo, 125; Jossiely Brito, Sos\u00faa, 116; Lu\u00eds Mart\u00ednez, Moca, 114; Lizander N\u00fa\u00f1ez, Salcedo, 49; Carlos Brito hijo, San Francisco de Macor\u00eds, 31 y Steven Guti\u00e9rrez, Cuba, 25.<\/span><\/p>\n<\/p>\n<p><span class=\"text1noticias\">Super pee wee: Melvin Quiroz, de Puerto Plata, 147; Wilson Javier, Santiago Rodr\u00edguez, 135; Anelkis Mota, La Vega, 68 y Bladisson Miguel, 20.<\/span><\/p>\n<\/p>\n<p><span class=\"text1noticias\">Pee wee: Darwin B\u00e1ez, Santiago Rodr\u00edguez, 140; Skarling D\u00edaz, Santiago y Neno Quiroz, Puerto Plata, 129; Wildanis Su\u00e1rez, La vega, 110; Emmanuel Graciano, La Vega, 44; Melanie Rodr\u00edguez, la capital, 34 y Jean Carlos Ottenwalder, San Francisco de Macor\u00eds, 29,<\/span><\/p>\n<\/p>\n<p><span class=\"text1noticias\">Pr\u00f3ximas fechas del campeonato nacional Kendall de motocross: 9 de junio, en El Pino, La Vega; 23 de junio, en Bioj\u00f3, Santiago; 7 de julio, en La Barranquita, Santiago; 22 de septiembre, Santiago Rodr\u00edguez y 27 de octubre, en La Gran Parada, Puerto Plata.(HG)<\/span>.<\/p>\n<\/p>\n<h6> 2013-05-27 22:13:57 <\/h6>\n<p><!--\n<link rel=\"stylesheet\" href=\"css\/bootstrap.min.css\">\n\n\n<ul class=\"pagination\">\n\t    \n\t\n\n<li >\n\t<a href='?page_no=20538'>Previous<\/a>\n\t<\/li>\n\n\n       \n    \n\n<li><a href='?page_no=1'>1<\/a><\/li>\n\n\n\n<li><a href='?page_no=2'>2<\/a><\/li>\n\n\n\n<li><a>...<\/a><\/li>\n\n\n\n<li><a href='?page_no=20537'>20537<\/a><\/li>\n\n\n\n<li><a href='?page_no=20538'>20538<\/a><\/li>\n\n\n\n<li class='active'><a>20539<\/a><\/li>\n\n\n\n<li><a href='?page_no=20540'>20540<\/a><\/li>\n\n\n\n<li><a href='?page_no=20541'>20541<\/a><\/li>\n\n\n\n<li><a>...<\/a><\/li>\n\n\n\n<li><a href='?page_no=36618'>36618<\/a><\/li>\n\n\n\n<li><a href='?page_no=36619'>36619<\/a><\/li>\n\n    \n\t\n\n<li >\n\t<a href='?page_no=20540'>Next<\/a>\n\t<\/li>\n\n\n    \n\n<li><a href='?page_no=36619'>Last &rsaquo;&rsaquo;<\/a><\/li>\n\n<\/ul>\n\n\n--><br \/>\n<\/body><\/p>\n","protected":false},"excerpt":{"rendered":"<p>Santiago, RD, 27 de Mayo.-Los pilotos, Lu\u00eds Jos\u00e9 Dur\u00e1n, Angel Miguel Ovalles, Glasses Jim\u00e9nez, Darnell Lantigua, Richard L\u00f3pez, Manny Mora, Melvin Quiroz y Darwin B\u00e1ez, encabezan la clasificaci\u00f3n individual del campeonato nacional Kendall de motocross\u00b42013. Luego de cuatro fechas, Dur\u00e1n, de Jarabacoa, es primero en la categor\u00eda MX-1 para expertos, con 123 puntos, siendo seguido [&hellip;]<\/p>\n","protected":false},"author":3,"featured_media":0,"comment_status":"open","ping_status":"open","sticky":false,"template":"","format":"standard","meta":{"footnotes":""},"categories":[17],"tags":[],"class_list":["post-213429","post","type-post","status-publish","format-standard","hentry","category-deportes"],"_links":{"self":[{"href":"https:\/\/diariodominicano.com\/index.php?rest_route=\/wp\/v2\/posts\/213429","targetHints":{"allow":["GET"]}}],"collection":[{"href":"https:\/\/diariodominicano.com\/index.php?rest_route=\/wp\/v2\/posts"}],"about":[{"href":"https:\/\/diariodominicano.com\/index.php?rest_route=\/wp\/v2\/types\/post"}],"author":[{"embeddable":true,"href":"https:\/\/diariodominicano.com\/index.php?rest_route=\/wp\/v2\/users\/3"}],"replies":[{"embeddable":true,"href":"https:\/\/diariodominicano.com\/index.php?rest_route=%2Fwp%2Fv2%2Fcomments&post=213429"}],"version-history":[{"count":0,"href":"https:\/\/diariodominicano.com\/index.php?rest_route=\/wp\/v2\/posts\/213429\/revisions"}],"wp:attachment":[{"href":"https:\/\/diariodominicano.com\/index.php?rest_route=%2Fwp%2Fv2%2Fmedia&parent=213429"}],"wp:term":[{"taxonomy":"category","embeddable":true,"href":"https:\/\/diariodominicano.com\/index.php?rest_route=%2Fwp%2Fv2%2Fcategories&post=213429"},{"taxonomy":"post_tag","embeddable":true,"href":"https:\/\/diariodominicano.com\/index.php?rest_route=%2Fwp%2Fv2%2Ftags&post=213429"}],"curies":[{"name":"wp","href":"https:\/\/api.w.org\/{rel}","templated":true}]}}