{"id":213407,"date":"2013-05-29T16:41:22","date_gmt":"2013-05-29T16:41:22","guid":{"rendered":"http:\/\/diariodominicano.ddns.net\/?p=213407"},"modified":"2013-05-29T16:41:22","modified_gmt":"2013-05-29T16:41:22","slug":"academia-de-tenis-en-centro-olimpico-prepara-atletas-para-el-futuro","status":"publish","type":"post","link":"https:\/\/diariodominicano.com\/?p=213407","title":{"rendered":"Academia de tenis en centro ol\u00edmpico prepara atletas para el futuro"},"content":{"rendered":"<p><body><\/p>\n<p><img decoding=\"async\" src=\"http:\/\/localhost:8080\/img3\/ni%C3%83%C2%B1os%2029.jpeg\" \/>  <\/p>\n<p>Santo Domingo RD 29 mayo.- La Academia de tenis del centro ol\u00edmpico que cuenta con jugadores como Karla Portalat\u00edn, clasificada n\u00famero uno en la categor\u00eda sub-18 del pa\u00eds, prepara jugadores con miras hacia un futuro profesional.<\/p>\n<\/p>\n<p>Pablo Hern\u00e1ndez, quien est\u00e1 a cargo, y su equipo de entrenadores ofrecen las pr\u00e1cticas de 3:00 P.M. a 6:00 P.M.<\/p>\n<\/p>\n<p>Jos\u00e9 Manuel Henr\u00edquez, profesor de la academia de tenis, habl\u00f3 de lo mucho que ha avanzado la escuela en los \u00faltimos a\u00f1os y lo lejos que han llegado algunos de los que practican o han practicado all\u00ed. Muchos han representado al pa\u00eds en el extranjero.<\/p>\n<\/p>\n<p>Nos cont\u00f3 que en la academia se lleva a cabo un trabajo muy bueno en el que todos los j\u00f3venes que asisten tienen una participaci\u00f3n importante.<\/p>\n<\/p>\n<p>La academia acepta a ni\u00f1os y adolescentes a partir de 7 a\u00f1os, quienes son divididos en categor\u00edas: mini tenis (7-8 a\u00f1os), sub-10, -sub-12, sub-14, sub-16 y sub-18.<\/p>\n<\/p>\n<p>Henriquez tambi\u00e9n habl\u00f3 sobre el campamento que tienen planeado para este verano, el cual ser\u00e1 para mejorar muchas habilidades del juego y la condici\u00f3n f\u00edsica de los atletas.<\/p>\n<\/p>\n<p>\u00abPara  este verano la academia est\u00e1 preparando un fuerte campamento en el cual se busca mejorar la condici\u00f3n f\u00edsica de los atletas, tendr\u00e1 horarios desde la ma\u00f1ana hasta la tarde y se realizar\u00e1n varios torneos motivacionales\u00bb, declar\u00f3 Henr\u00edquez.<\/p>\n<\/p>\n<p>Coment\u00f3 que a los entrenadores en este pa\u00eds les hace falta m\u00e1s preparaci\u00f3n para llevar a cabo un trabajo mucho m\u00e1s eficiente para hacer que los jugadores logren un nivel m\u00e1s alto.<\/p>\n<\/p>\n<p>\u00abTenemos muy buenos jugadores en este pa\u00eds, pero hace falta m\u00e1s preparaci\u00f3n para los entrenadores. Mientras m\u00e1s preparados est\u00e9n los entrenadores de tenis, mejor ser\u00e1 el trabajo que realicen con los j\u00f3venes tenistas\u00bb, dijo Henr\u00edquez.<\/p>\n<\/p>\n<p>Las canchas en la que practican todos los d\u00edas en el centro ol\u00edmpico est\u00e1n en estado regular, tienen algunas grietas que no impiden que se realicen las pr\u00e1cticas todos los d\u00edas. Aunque en estas no se realizan torneos ya que no cuentan con la calidad suficiente, la mayor\u00eda de los torneos en los que participan los miembros de esta academia son realizados en la instalaciones del Parque del Este.<\/p>\n<\/p>\n<p>Karla Portalat\u00edn, puesto 533 del ranking mundial de tenis de la categor\u00eda sub-18, considera que al tenis dominicano le hace falta m\u00e1s inversi\u00f3n por parte del ministerio de deportes para mejorar su nivel, as\u00ed como m\u00e1s j\u00f3venes que practiquen el deporte.<\/p>\n<\/p>\n<p>\u00abHace falta m\u00e1s inversi\u00f3n y patrocinios, y que los padres se motiven a inscribir a sus hijos desde temprana edad para que practiquen tenis\u00bb, dijo la tenista.<\/p>\n<\/p>\n<h6> 2013-05-29 16:41:22 <\/h6>\n<p><!--\n<link rel=\"stylesheet\" href=\"css\/bootstrap.min.css\">\n\n\n<ul class=\"pagination\">\n\t    \n\t\n\n<li >\n\t<a href='?page_no=20516'>Previous<\/a>\n\t<\/li>\n\n\n       \n    \n\n<li><a href='?page_no=1'>1<\/a><\/li>\n\n\n\n<li><a href='?page_no=2'>2<\/a><\/li>\n\n\n\n<li><a>...<\/a><\/li>\n\n\n\n<li><a href='?page_no=20515'>20515<\/a><\/li>\n\n\n\n<li><a href='?page_no=20516'>20516<\/a><\/li>\n\n\n\n<li class='active'><a>20517<\/a><\/li>\n\n\n\n<li><a href='?page_no=20518'>20518<\/a><\/li>\n\n\n\n<li><a href='?page_no=20519'>20519<\/a><\/li>\n\n\n\n<li><a>...<\/a><\/li>\n\n\n\n<li><a href='?page_no=36618'>36618<\/a><\/li>\n\n\n\n<li><a href='?page_no=36619'>36619<\/a><\/li>\n\n    \n\t\n\n<li >\n\t<a href='?page_no=20518'>Next<\/a>\n\t<\/li>\n\n\n    \n\n<li><a href='?page_no=36619'>Last &rsaquo;&rsaquo;<\/a><\/li>\n\n<\/ul>\n\n\n--><br \/>\n<\/body><\/p>\n","protected":false},"excerpt":{"rendered":"<p>Santo Domingo RD 29 mayo.- La Academia de tenis del centro ol\u00edmpico que cuenta con jugadores como Karla Portalat\u00edn, clasificada n\u00famero uno en la categor\u00eda sub-18 del pa\u00eds, prepara jugadores con miras hacia un futuro profesional. Pablo Hern\u00e1ndez, quien est\u00e1 a cargo, y su equipo de entrenadores ofrecen las pr\u00e1cticas de 3:00 P.M. a 6:00 [&hellip;]<\/p>\n","protected":false},"author":3,"featured_media":0,"comment_status":"open","ping_status":"open","sticky":false,"template":"","format":"standard","meta":{"footnotes":""},"categories":[17],"tags":[],"class_list":["post-213407","post","type-post","status-publish","format-standard","hentry","category-deportes"],"_links":{"self":[{"href":"https:\/\/diariodominicano.com\/index.php?rest_route=\/wp\/v2\/posts\/213407","targetHints":{"allow":["GET"]}}],"collection":[{"href":"https:\/\/diariodominicano.com\/index.php?rest_route=\/wp\/v2\/posts"}],"about":[{"href":"https:\/\/diariodominicano.com\/index.php?rest_route=\/wp\/v2\/types\/post"}],"author":[{"embeddable":true,"href":"https:\/\/diariodominicano.com\/index.php?rest_route=\/wp\/v2\/users\/3"}],"replies":[{"embeddable":true,"href":"https:\/\/diariodominicano.com\/index.php?rest_route=%2Fwp%2Fv2%2Fcomments&post=213407"}],"version-history":[{"count":0,"href":"https:\/\/diariodominicano.com\/index.php?rest_route=\/wp\/v2\/posts\/213407\/revisions"}],"wp:attachment":[{"href":"https:\/\/diariodominicano.com\/index.php?rest_route=%2Fwp%2Fv2%2Fmedia&parent=213407"}],"wp:term":[{"taxonomy":"category","embeddable":true,"href":"https:\/\/diariodominicano.com\/index.php?rest_route=%2Fwp%2Fv2%2Fcategories&post=213407"},{"taxonomy":"post_tag","embeddable":true,"href":"https:\/\/diariodominicano.com\/index.php?rest_route=%2Fwp%2Fv2%2Ftags&post=213407"}],"curies":[{"name":"wp","href":"https:\/\/api.w.org\/{rel}","templated":true}]}}