{"id":213385,"date":"2013-05-31T18:41:02","date_gmt":"2013-05-31T18:41:02","guid":{"rendered":"http:\/\/diariodominicano.ddns.net\/?p=213385"},"modified":"2013-05-31T18:41:02","modified_gmt":"2013-05-31T18:41:02","slug":"el-espanol-rafael-nadal-ni-siquiera-pudo-empezar-su-partido-por-la-lluvia","status":"publish","type":"post","link":"https:\/\/diariodominicano.com\/?p=213385","title":{"rendered":"&#13;El espa\u00f1ol Rafael Nadal ni siquiera pudo empezar su partido, por la lluvia&#13;"},"content":{"rendered":"<p><body><\/p>\n<p>Paris, Francia 31 mayo.- Novak Djokovic arroll\u00f3 ayer 6-2, 6-0, 6-2 al argentino Guido Pella y accedi\u00f3 a la tercera ronda del Abierto de Francia, en una jornada en la que Rafael Nadal ni siquiera pudo empezar su partido por lluvia.<\/p>\n<\/p>\n<p>El serbio, primera raqueta del mundo, busca en Roland Garros el \u00fanico t\u00edtulo de Grand Slam que falta en su colecci\u00f3n. Djokovic perdi\u00f3 la final del a\u00f1o pasado ante Rafael Nadal.<\/p>\n<\/p>\n<p>El duelo con Pella en la cancha central fue retrasado e interrumpido por lluvia, que tambi\u00e9n afect\u00f3 otros partidos.<\/p>\n<\/p>\n<p>\u00abEs como un deja v\u00fa de hace dos d\u00edas, entras y sales, y calientas como cinco veces, pero as\u00ed es esto\u00bb, coment\u00f3 Djokovic. \u00abS\u00f3lo estoy contento porque pude terminar mi partido hoy\u00bb.<\/p>\n<\/p>\n<p>Sin embargo, el clima no pareci\u00f3 afectar la concentraci\u00f3n de Djokovic, que despach\u00f3 a Pella en apenas 1 hora, 26 minutos. Djokovic logr\u00f3 30 winners y le rompi\u00f3 el saque al argentino en seis ocasiones.<\/p>\n<h6> 2013-05-31 18:41:02 <\/h6>\n<p><!--\n<link rel=\"stylesheet\" href=\"css\/bootstrap.min.css\">\n\n\n<ul class=\"pagination\">\n\t    \n\t\n\n<li >\n\t<a href='?page_no=20494'>Previous<\/a>\n\t<\/li>\n\n\n       \n    \n\n<li><a href='?page_no=1'>1<\/a><\/li>\n\n\n\n<li><a href='?page_no=2'>2<\/a><\/li>\n\n\n\n<li><a>...<\/a><\/li>\n\n\n\n<li><a href='?page_no=20493'>20493<\/a><\/li>\n\n\n\n<li><a href='?page_no=20494'>20494<\/a><\/li>\n\n\n\n<li class='active'><a>20495<\/a><\/li>\n\n\n\n<li><a href='?page_no=20496'>20496<\/a><\/li>\n\n\n\n<li><a href='?page_no=20497'>20497<\/a><\/li>\n\n\n\n<li><a>...<\/a><\/li>\n\n\n\n<li><a href='?page_no=36618'>36618<\/a><\/li>\n\n\n\n<li><a href='?page_no=36619'>36619<\/a><\/li>\n\n    \n\t\n\n<li >\n\t<a href='?page_no=20496'>Next<\/a>\n\t<\/li>\n\n\n    \n\n<li><a href='?page_no=36619'>Last &rsaquo;&rsaquo;<\/a><\/li>\n\n<\/ul>\n\n\n--><br \/>\n<\/body><\/p>\n","protected":false},"excerpt":{"rendered":"<p>Paris, Francia 31 mayo.- Novak Djokovic arroll\u00f3 ayer 6-2, 6-0, 6-2 al argentino Guido Pella y accedi\u00f3 a la tercera ronda del Abierto de Francia, en una jornada en la que Rafael Nadal ni siquiera pudo empezar su partido por lluvia. El serbio, primera raqueta del mundo, busca en Roland Garros el \u00fanico t\u00edtulo de [&hellip;]<\/p>\n","protected":false},"author":3,"featured_media":0,"comment_status":"open","ping_status":"open","sticky":false,"template":"","format":"standard","meta":{"footnotes":""},"categories":[17],"tags":[],"class_list":["post-213385","post","type-post","status-publish","format-standard","hentry","category-deportes"],"_links":{"self":[{"href":"https:\/\/diariodominicano.com\/index.php?rest_route=\/wp\/v2\/posts\/213385","targetHints":{"allow":["GET"]}}],"collection":[{"href":"https:\/\/diariodominicano.com\/index.php?rest_route=\/wp\/v2\/posts"}],"about":[{"href":"https:\/\/diariodominicano.com\/index.php?rest_route=\/wp\/v2\/types\/post"}],"author":[{"embeddable":true,"href":"https:\/\/diariodominicano.com\/index.php?rest_route=\/wp\/v2\/users\/3"}],"replies":[{"embeddable":true,"href":"https:\/\/diariodominicano.com\/index.php?rest_route=%2Fwp%2Fv2%2Fcomments&post=213385"}],"version-history":[{"count":0,"href":"https:\/\/diariodominicano.com\/index.php?rest_route=\/wp\/v2\/posts\/213385\/revisions"}],"wp:attachment":[{"href":"https:\/\/diariodominicano.com\/index.php?rest_route=%2Fwp%2Fv2%2Fmedia&parent=213385"}],"wp:term":[{"taxonomy":"category","embeddable":true,"href":"https:\/\/diariodominicano.com\/index.php?rest_route=%2Fwp%2Fv2%2Fcategories&post=213385"},{"taxonomy":"post_tag","embeddable":true,"href":"https:\/\/diariodominicano.com\/index.php?rest_route=%2Fwp%2Fv2%2Ftags&post=213385"}],"curies":[{"name":"wp","href":"https:\/\/api.w.org\/{rel}","templated":true}]}}