{"id":213377,"date":"2013-06-01T18:48:58","date_gmt":"2013-06-01T18:48:58","guid":{"rendered":"http:\/\/diariodominicano.ddns.net\/?p=213377"},"modified":"2013-06-01T18:48:58","modified_gmt":"2013-06-01T18:48:58","slug":"se-desarrolla-con-exito-competencia-larimar-surfing-championship","status":"publish","type":"post","link":"https:\/\/diariodominicano.com\/?p=213377","title":{"rendered":"Se desarrolla con \u00e9xito competencia Larimar Surfing Championship"},"content":{"rendered":"<p><body><\/p>\n<p><span class=\"text1noticias\">Barahona, RD,  1 de Junio-Los competidores Randy V\u00e1squez y Mart\u00edn P\u00e9rez, de Nagua; Pascual Silverio de Sos\u00faa; Dilson de Jes\u00fas; pasaron a los cuartos de final de la categor\u00eda Bodyboard y Pascual Silverio. A la cabeza est\u00e1n los competidores Junior G\u00f3mez, de R\u00edo San Juan; y Alex de la Cruz, de Las Terrenas, Saman\u00e1, de la competencia Larimar Surfing Championship, organizada por la Federaci\u00f3n Dominicana de Surfing (FEDOSURF).<\/span><\/p>\n<\/p>\n<p><span class=\"text1noticias\">La competencia contin\u00faa con la categor\u00eda Open Surf, en su fase de cuarto de final; tambi\u00e9n con las competencias Junior (sub 18), y la categor\u00eda Min Junior (sub 16).<\/span><\/p>\n<\/p>\n<p><span class=\"text1noticias\">Estos surfistas fueron evaluados por el jurado integrado por:  Eddy de Le\u00f3n, Luis Taveras, Jorger Ferreiras, Manuel Pineyro, Jesmar Puente y R\u00e1ul Van-Eiken.<\/span><\/p>\n<\/p>\n<p><span class=\"text1noticias\">N\u00e9stor Puente, presidente de FEDOSURF, dijo que estos competidores que pasaron a los cuartos de finales demostraron un gran dominio al maniobrar las olas de playa Los Patos, la cual posee durante la durante la \u00e9poca primavera-verano es ideal para practicar este deporte.<\/span><\/p>\n<\/p>\n<p><span class=\"text1noticias\">Esta competencia cuenta con la participaci\u00f3n de m\u00e1s de 60 surfistas dominicanos, procedentes de B\u00e1varo, Macao, Punta Cana, Las Terrenas, Nagua, R\u00edo San Juan, Cabarete, Puerto Plata, Boca Chica, Santo Domingo, Nizao, Ban\u00ed y los anfitriones de Barahona aprovechar\u00e1n el excelente oleaje que ofrece la playa de Los Patos, durante la \u00e9poca primavera-verano, convirti\u00e9ndola en un escenario id\u00f3neo para la pr\u00e1ctica de este deporte.<\/span><\/p>\n<\/p>\n<p><span class=\"text1noticias\">\u00abSu ubicaci\u00f3n en la zona suroeste expuesta de frente al mar Caribe, le permite recibir las mareas o \u00abswelles\u00bb provenientes del este sur-este. Adem\u00e1s, al ser una playa de fondo rocoso, la forma y quiebra de sus olas son uniformes, incluso cuando el viento no es tan favorable en ella\u00bb, indic\u00f3 N\u00e9stor Puente, presidente de FEDOSURF, organizadores del \u00abLarimar Surfing Championship\u00bb.<\/span><\/p>\n<\/p>\n<p><span class=\"text1noticias\">Puente destac\u00f3 la importancia de esta competencia, la cual dinamizar\u00e1 la oferta tur\u00edstica de la provincia de Barahona, ya que en el 2014, se espera la participaci\u00f3n de surfistas extranjeros, provenientes de diferentes pa\u00edses de Europa.<\/span><\/p>\n<\/p>\n<p><span class=\"text1noticias\">En la primera ronda de las competencias participaron m\u00e1s 60 sufistas dominicanos, quienes representan diferentes provincias del pa\u00eds.(HG)<\/span>.  <\/p>\n<\/p>\n<\/p>\n<\/p>\n<h6> 2013-06-01 18:48:58 <\/h6>\n<p><!--\n<link rel=\"stylesheet\" href=\"css\/bootstrap.min.css\">\n\n\n<ul class=\"pagination\">\n\t    \n\t\n\n<li >\n\t<a href='?page_no=20486'>Previous<\/a>\n\t<\/li>\n\n\n       \n    \n\n<li><a href='?page_no=1'>1<\/a><\/li>\n\n\n\n<li><a href='?page_no=2'>2<\/a><\/li>\n\n\n\n<li><a>...<\/a><\/li>\n\n\n\n<li><a href='?page_no=20485'>20485<\/a><\/li>\n\n\n\n<li><a href='?page_no=20486'>20486<\/a><\/li>\n\n\n\n<li class='active'><a>20487<\/a><\/li>\n\n\n\n<li><a href='?page_no=20488'>20488<\/a><\/li>\n\n\n\n<li><a href='?page_no=20489'>20489<\/a><\/li>\n\n\n\n<li><a>...<\/a><\/li>\n\n\n\n<li><a href='?page_no=36618'>36618<\/a><\/li>\n\n\n\n<li><a href='?page_no=36619'>36619<\/a><\/li>\n\n    \n\t\n\n<li >\n\t<a href='?page_no=20488'>Next<\/a>\n\t<\/li>\n\n\n    \n\n<li><a href='?page_no=36619'>Last &rsaquo;&rsaquo;<\/a><\/li>\n\n<\/ul>\n\n\n--><br \/>\n<\/body><\/p>\n","protected":false},"excerpt":{"rendered":"<p>Barahona, RD, 1 de Junio-Los competidores Randy V\u00e1squez y Mart\u00edn P\u00e9rez, de Nagua; Pascual Silverio de Sos\u00faa; Dilson de Jes\u00fas; pasaron a los cuartos de final de la categor\u00eda Bodyboard y Pascual Silverio. A la cabeza est\u00e1n los competidores Junior G\u00f3mez, de R\u00edo San Juan; y Alex de la Cruz, de Las Terrenas, Saman\u00e1, de [&hellip;]<\/p>\n","protected":false},"author":3,"featured_media":0,"comment_status":"open","ping_status":"open","sticky":false,"template":"","format":"standard","meta":{"footnotes":""},"categories":[17],"tags":[],"class_list":["post-213377","post","type-post","status-publish","format-standard","hentry","category-deportes"],"_links":{"self":[{"href":"https:\/\/diariodominicano.com\/index.php?rest_route=\/wp\/v2\/posts\/213377","targetHints":{"allow":["GET"]}}],"collection":[{"href":"https:\/\/diariodominicano.com\/index.php?rest_route=\/wp\/v2\/posts"}],"about":[{"href":"https:\/\/diariodominicano.com\/index.php?rest_route=\/wp\/v2\/types\/post"}],"author":[{"embeddable":true,"href":"https:\/\/diariodominicano.com\/index.php?rest_route=\/wp\/v2\/users\/3"}],"replies":[{"embeddable":true,"href":"https:\/\/diariodominicano.com\/index.php?rest_route=%2Fwp%2Fv2%2Fcomments&post=213377"}],"version-history":[{"count":0,"href":"https:\/\/diariodominicano.com\/index.php?rest_route=\/wp\/v2\/posts\/213377\/revisions"}],"wp:attachment":[{"href":"https:\/\/diariodominicano.com\/index.php?rest_route=%2Fwp%2Fv2%2Fmedia&parent=213377"}],"wp:term":[{"taxonomy":"category","embeddable":true,"href":"https:\/\/diariodominicano.com\/index.php?rest_route=%2Fwp%2Fv2%2Fcategories&post=213377"},{"taxonomy":"post_tag","embeddable":true,"href":"https:\/\/diariodominicano.com\/index.php?rest_route=%2Fwp%2Fv2%2Ftags&post=213377"}],"curies":[{"name":"wp","href":"https:\/\/api.w.org\/{rel}","templated":true}]}}