{"id":213376,"date":"2013-06-01T19:19:07","date_gmt":"2013-06-01T19:19:07","guid":{"rendered":"http:\/\/diariodominicano.ddns.net\/?p=213376"},"modified":"2013-06-01T19:19:07","modified_gmt":"2013-06-01T19:19:07","slug":"cod-recueda-a-wiche-como-un-gran-propulsor-deportivo","status":"publish","type":"post","link":"https:\/\/diariodominicano.com\/?p=213376","title":{"rendered":"COD recueda a Wiche como  un gran propulsor deportivo"},"content":{"rendered":"<p><body><\/p>\n<p><img decoding=\"async\" src=\"img3\/wiche.JPG\" \/>  <\/p>\n<p><span class=\"text1noticias\">Santo Domingo, RD, 1 de Junio.-El finado Juan Ulises Garc\u00eda Saleta (Wiche), fue recordado como \u00abuno de los grandes propulsores del deporte dominicano, en el marco de una misa con motivo del noveno aniversario de su tr\u00e1gico fallecimiento.<\/span><\/p>\n<\/p>\n<p><span class=\"text1noticias\">En la eucarist\u00eda oficiada por el Padre Arialdis D\u00edaz, en la parroquia San Judas Tadeo del ensanche Naco y en la que estuvieron presentes dirigentes deportivos, hijos y otros familiares de Wche Garc\u00eda Saleta, se record\u00f3 los aportes que este hizo al deporte dominicano, especialmente en su incansable lucha por la materializaci\u00f3n de los XII Juegos Centroamericanos y del Caribe.<\/span><\/p>\n<\/p>\n<p><span class=\"text1noticias\">El Sacerdote D\u00edaz hizo hincapi\u00e9 en el amor que la sociedad debe mostrar y el inter\u00e9s por los j\u00f3venes que hay que impulsar en estos tiempos.<\/span><\/p>\n<\/p>\n<p><span class=\"text1noticias\">\u00abEn estos tiempos necesitamos trabajar duro y manifestar nuestro amor por nuestros j\u00f3venes para mirar el futuro con mayor optimismo\u00bb, dijo el Sacerdote durante la misa a la que asistieron decenas de personas.<\/span><\/p>\n<\/p>\n<p><span class=\"text1noticias\">Juan Ulises Garc\u00eda Smester (Paco), hijo de Wiche Garc\u00eda Saleta, destac\u00f3 las cualidades de buen padre de su progenitor. \u00abTodos los seguidos extra\u00f1ando y llorando su ausencia\u00bb, dijo Paco Garc\u00eda Smester, al tiempo de manifestar su orgullo del padre que tuvo.<\/span><\/p>\n<\/p>\n<p><span class=\"text1noticias\">Luego de la eucarist\u00eda tambi\u00e9n habl\u00f3 Luis Mej\u00eda, presidente del Comit\u00e9 Ol\u00edmpico Dominicano, quien record\u00f3 que adem\u00e1s de ser un aguerrido dirigente deportivo, Wiche Garc\u00eda Saleta fue un gran precursor del deporte en todo el pa\u00eds, promoviendo la construcci\u00f3n de instalaciones deportivas en distintos puntos de la geograf\u00eda nacional, pero de manera especial, en el campo.<\/span><\/p>\n<\/p>\n<p><span class=\"text1noticias\">\u00abHoy estamos aqu\u00ed rindiendo homenaje y recordando a un gran dirigente\u00bb, expres\u00f3 Mej\u00eda, quien estuvo acompa\u00f1ado de dirigentes deportivos de varias federaciones, asociaciones y ligas, as\u00ed como personalidades vinculadas al quehacer deportivo.<\/span><\/p>\n<\/p>\n<p><span class=\"text1noticias\">Durante este mi\u00e9rcoles, todav\u00eda familiares, amigos y dirigentes ol\u00edmpicos lamentan la muerte de Wiche, a quien describen como un gran luchador a favor de la causa deportiva y social.<\/span><\/p>\n<\/p>\n<p><span class=\"text1noticias\">La celebraci\u00f3n de la misa fue con motivo del noveno aniversario del fallecimiento del connotado dirigente.(HG)<\/span>.<\/p>\n<\/p>\n<h6> 2013-06-01 19:19:07 <\/h6>\n<p><!--\n<link rel=\"stylesheet\" href=\"css\/bootstrap.min.css\">\n\n\n<ul class=\"pagination\">\n\t    \n\t\n\n<li >\n\t<a href='?page_no=20485'>Previous<\/a>\n\t<\/li>\n\n\n       \n    \n\n<li><a href='?page_no=1'>1<\/a><\/li>\n\n\n\n<li><a href='?page_no=2'>2<\/a><\/li>\n\n\n\n<li><a>...<\/a><\/li>\n\n\n\n<li><a href='?page_no=20484'>20484<\/a><\/li>\n\n\n\n<li><a href='?page_no=20485'>20485<\/a><\/li>\n\n\n\n<li class='active'><a>20486<\/a><\/li>\n\n\n\n<li><a href='?page_no=20487'>20487<\/a><\/li>\n\n\n\n<li><a href='?page_no=20488'>20488<\/a><\/li>\n\n\n\n<li><a>...<\/a><\/li>\n\n\n\n<li><a href='?page_no=36618'>36618<\/a><\/li>\n\n\n\n<li><a href='?page_no=36619'>36619<\/a><\/li>\n\n    \n\t\n\n<li >\n\t<a href='?page_no=20487'>Next<\/a>\n\t<\/li>\n\n\n    \n\n<li><a href='?page_no=36619'>Last &rsaquo;&rsaquo;<\/a><\/li>\n\n<\/ul>\n\n\n--><br \/>\n<\/body><\/p>\n","protected":false},"excerpt":{"rendered":"<p>Santo Domingo, RD, 1 de Junio.-El finado Juan Ulises Garc\u00eda Saleta (Wiche), fue recordado como \u00abuno de los grandes propulsores del deporte dominicano, en el marco de una misa con motivo del noveno aniversario de su tr\u00e1gico fallecimiento. En la eucarist\u00eda oficiada por el Padre Arialdis D\u00edaz, en la parroquia San Judas Tadeo del ensanche [&hellip;]<\/p>\n","protected":false},"author":3,"featured_media":0,"comment_status":"open","ping_status":"open","sticky":false,"template":"","format":"standard","meta":{"footnotes":""},"categories":[17],"tags":[],"class_list":["post-213376","post","type-post","status-publish","format-standard","hentry","category-deportes"],"_links":{"self":[{"href":"https:\/\/diariodominicano.com\/index.php?rest_route=\/wp\/v2\/posts\/213376","targetHints":{"allow":["GET"]}}],"collection":[{"href":"https:\/\/diariodominicano.com\/index.php?rest_route=\/wp\/v2\/posts"}],"about":[{"href":"https:\/\/diariodominicano.com\/index.php?rest_route=\/wp\/v2\/types\/post"}],"author":[{"embeddable":true,"href":"https:\/\/diariodominicano.com\/index.php?rest_route=\/wp\/v2\/users\/3"}],"replies":[{"embeddable":true,"href":"https:\/\/diariodominicano.com\/index.php?rest_route=%2Fwp%2Fv2%2Fcomments&post=213376"}],"version-history":[{"count":0,"href":"https:\/\/diariodominicano.com\/index.php?rest_route=\/wp\/v2\/posts\/213376\/revisions"}],"wp:attachment":[{"href":"https:\/\/diariodominicano.com\/index.php?rest_route=%2Fwp%2Fv2%2Fmedia&parent=213376"}],"wp:term":[{"taxonomy":"category","embeddable":true,"href":"https:\/\/diariodominicano.com\/index.php?rest_route=%2Fwp%2Fv2%2Fcategories&post=213376"},{"taxonomy":"post_tag","embeddable":true,"href":"https:\/\/diariodominicano.com\/index.php?rest_route=%2Fwp%2Fv2%2Ftags&post=213376"}],"curies":[{"name":"wp","href":"https:\/\/api.w.org\/{rel}","templated":true}]}}