{"id":213373,"date":"2013-06-02T15:09:06","date_gmt":"2013-06-02T15:09:06","guid":{"rendered":"http:\/\/diariodominicano.ddns.net\/?p=213373"},"modified":"2013-06-02T15:09:06","modified_gmt":"2013-06-02T15:09:06","slug":"dominicana-clasifica-nadadores-para-asistir-a-torneo-internacional","status":"publish","type":"post","link":"https:\/\/diariodominicano.com\/?p=213373","title":{"rendered":"Dominicana clasifica nadadores para asistir a torneo internacional"},"content":{"rendered":"<p><body><\/p>\n<p><img decoding=\"async\" src=\"img3\/Schwab.jpg\" \/>  <\/p>\n<p><span class=\"text1noticias\">Santo Domingo, RD, 2 jun (PL) El dominicano Nicholas Schwab logr\u00f3 aqu\u00ed tres marcas exigidas para participar en el pr\u00f3ximo Campeonato Centroamericano y del Caribe de Nataci\u00f3n durante el torneo nacional de esa disciplina que concluye este Domingo.<\/span><\/p>\n<\/p>\n<p><span class=\"text1noticias\">Con la actuaci\u00f3n en el evento local, Schwab tiene posibilidades de representar a su pa\u00eds en Costa Rica, del 28 de junio al 8 de julio venideros, en los 200 metros de los estilos libre, pecho y combinado para mayores de 18 a\u00f1os de edad. En las distancias mencionadas, el trit\u00f3n quisqueyano, el m\u00e1s destacado hasta el momento de la competencia que acontece en el Parque Acu\u00e1tico del Centro Ol\u00edmpico, detuvo los relojes en 1:53.70, 2:23.60 y 2:08.63 minutos, respectivamente.<\/span><\/p>\n<\/p>\n<p><span class=\"text1noticias\">Tambi\u00e9n se clasific\u00f3 para el certamen de Costa Rica el espaldista Jean Luis G\u00f3mez, quien domin\u00f3 los 100 metros con registro de 1:00.03 minutos.<\/span><\/p>\n<\/p>\n<p><span class=\"text1noticias\">La cita nacional acoge a deportistas de las provincias de San Crist\u00f3bal, Santiago, Hato Mayor, Saman\u00e1, La Romana, Santo Domingo, La Altagracia y el Distrito Nacional.(HG)<\/span>.<\/p>\n<\/p>\n<h6> 2013-06-02 15:09:06 <\/h6>\n<p><!--\n<link rel=\"stylesheet\" href=\"css\/bootstrap.min.css\">\n\n\n<ul class=\"pagination\">\n\t    \n\t\n\n<li >\n\t<a href='?page_no=20482'>Previous<\/a>\n\t<\/li>\n\n\n       \n    \n\n<li><a href='?page_no=1'>1<\/a><\/li>\n\n\n\n<li><a href='?page_no=2'>2<\/a><\/li>\n\n\n\n<li><a>...<\/a><\/li>\n\n\n\n<li><a href='?page_no=20481'>20481<\/a><\/li>\n\n\n\n<li><a href='?page_no=20482'>20482<\/a><\/li>\n\n\n\n<li class='active'><a>20483<\/a><\/li>\n\n\n\n<li><a href='?page_no=20484'>20484<\/a><\/li>\n\n\n\n<li><a href='?page_no=20485'>20485<\/a><\/li>\n\n\n\n<li><a>...<\/a><\/li>\n\n\n\n<li><a href='?page_no=36618'>36618<\/a><\/li>\n\n\n\n<li><a href='?page_no=36619'>36619<\/a><\/li>\n\n    \n\t\n\n<li >\n\t<a href='?page_no=20484'>Next<\/a>\n\t<\/li>\n\n\n    \n\n<li><a href='?page_no=36619'>Last &rsaquo;&rsaquo;<\/a><\/li>\n\n<\/ul>\n\n\n--><br \/>\n<\/body><\/p>\n","protected":false},"excerpt":{"rendered":"<p>Santo Domingo, RD, 2 jun (PL) El dominicano Nicholas Schwab logr\u00f3 aqu\u00ed tres marcas exigidas para participar en el pr\u00f3ximo Campeonato Centroamericano y del Caribe de Nataci\u00f3n durante el torneo nacional de esa disciplina que concluye este Domingo. Con la actuaci\u00f3n en el evento local, Schwab tiene posibilidades de representar a su pa\u00eds en Costa [&hellip;]<\/p>\n","protected":false},"author":3,"featured_media":0,"comment_status":"open","ping_status":"open","sticky":false,"template":"","format":"standard","meta":{"footnotes":""},"categories":[17],"tags":[],"class_list":["post-213373","post","type-post","status-publish","format-standard","hentry","category-deportes"],"_links":{"self":[{"href":"https:\/\/diariodominicano.com\/index.php?rest_route=\/wp\/v2\/posts\/213373","targetHints":{"allow":["GET"]}}],"collection":[{"href":"https:\/\/diariodominicano.com\/index.php?rest_route=\/wp\/v2\/posts"}],"about":[{"href":"https:\/\/diariodominicano.com\/index.php?rest_route=\/wp\/v2\/types\/post"}],"author":[{"embeddable":true,"href":"https:\/\/diariodominicano.com\/index.php?rest_route=\/wp\/v2\/users\/3"}],"replies":[{"embeddable":true,"href":"https:\/\/diariodominicano.com\/index.php?rest_route=%2Fwp%2Fv2%2Fcomments&post=213373"}],"version-history":[{"count":0,"href":"https:\/\/diariodominicano.com\/index.php?rest_route=\/wp\/v2\/posts\/213373\/revisions"}],"wp:attachment":[{"href":"https:\/\/diariodominicano.com\/index.php?rest_route=%2Fwp%2Fv2%2Fmedia&parent=213373"}],"wp:term":[{"taxonomy":"category","embeddable":true,"href":"https:\/\/diariodominicano.com\/index.php?rest_route=%2Fwp%2Fv2%2Fcategories&post=213373"},{"taxonomy":"post_tag","embeddable":true,"href":"https:\/\/diariodominicano.com\/index.php?rest_route=%2Fwp%2Fv2%2Ftags&post=213373"}],"curies":[{"name":"wp","href":"https:\/\/api.w.org\/{rel}","templated":true}]}}