{"id":213350,"date":"2013-06-04T17:14:09","date_gmt":"2013-06-04T17:14:09","guid":{"rendered":"http:\/\/diariodominicano.ddns.net\/?p=213350"},"modified":"2013-06-04T17:14:09","modified_gmt":"2013-06-04T17:14:09","slug":"pedalista-juan-jose-cueto-conquista-festival-de-ciclismo-festival-de-ciclismo-cafe-organico","status":"publish","type":"post","link":"https:\/\/diariodominicano.com\/?p=213350","title":{"rendered":"Pedalista Juan Jos\u00e9 Cueto conquista Festival de Ciclismo  Festival de Ciclismo Caf\u00e9 Org\u00e1nico&#13;"},"content":{"rendered":"<p><body><\/p>\n<p><img decoding=\"async\" src=\"img3\/ciclista 4.php.html\" \/>  <\/p>\n<p>Barahona RD 4 junio.- El pedalista Juan Jos\u00e9 Cueto se alz\u00f3 con los m\u00e1ximos honores en la categor\u00eda \u00e9lite en la celebraci\u00f3n de la quinta competencia correspondiente al Festival de Ciclismo Caf\u00e9 Org\u00e1nico, evento efectuado en dos etapas, el cual parti\u00f3 desde Azua hasta esta comunidad.<\/p>\n<\/p>\n<p>Asimismo, Esmerlin Santana y Silverio Mej\u00eda se llevaron los principales palmares en las categor\u00edas juvenil y master respectivamente, en el certamen donde particip\u00f3 una gran cantidad de pedalistas en las tres categor\u00edas y que tuvo organizado por la Federaci\u00f3n Dominicana de Ciclismo y el Comit\u00e9 especial del Festival de Caf\u00e9 Org\u00e1nico, encabezado por el cantautor Rold\u00e1n M\u00e1rmol.<\/p>\n<\/p>\n<p>Cueto se impuso en la etapa B, que comprendi\u00f3 el recorrido desde el poblado de Cabral hasta Polo, el cual tuvo una distancia de 18 kil\u00f3metros, adem\u00e1s alcanz\u00f3 el segundo lugar en la primera etapa que tuvo la ruta desde Azua hasta Cabral.<\/p>\n<\/p>\n<p>Un registro de 58:15 minutos realiz\u00f3 el nativo de San Juan para llevarse el triunfo y acumul\u00f3 17 puntos, ocupando Manuel Guerrero, de La Romana, la segunda posici\u00f3n con 10 puntos al igual que Wilbin F\u00e9liz, de Barahona, y quien sali\u00f3 airoso en la etapa matutina al registrar crono de 2:02;09 en la prueba que comprendi\u00f3 80 kil\u00f3metros. Charlie Ho Hern\u00e1ndez logr\u00f3 el cuarto lugar a nivel general.<\/p>\n<\/p>\n<p>En tanto Santana, nativo de La Romana, ocup\u00f3 el primer lugar en la juvenil, tras imponerse en las dos etapas, la primera con registro de 1:08.02 y complementaria con 1:12.19. Estos dos \u00e9xitos le propiciaron 20 puntos. El segundo puesto correspondi\u00f3 a Miguel Ram\u00edrez, de San Crist\u00f3bal, y Willy Cabrera, de Navarrete, cerr\u00f3 en tercero.<\/p>\n<\/p>\n<p>Mientras que Vidal, representante de Inteja, se alz\u00f3 con el primer puesto en la categor\u00eda master, tras acumular 20 puntos, superando a Vladimir Del Cristo, de Aro &amp; Pedal, quien lleg\u00f3 segundo y Rafael Tejada, de Inteja, alcanz\u00f3 el tercero.<\/p>\n<\/p>\n<p>Tras finalizar las dos etapas los ganadores fueron premiados con trofeos y efectivo en medio de las actividades pautadas para la fecha en las festividades de Caf\u00e9 Org\u00e1nico. Tambi\u00e9n como obsequios de Gatorade, entidad que auspici\u00f3 la competencia cicl\u00edstica.<\/p>\n<\/p>\n<p>Juan Luis Rodr\u00edguez, presidente de la Federaci\u00f3n Dominicana de Ciclismo, resalt\u00f3 la competitividad demostradas por los participantes, tanto en la etapa ondulada como en la que conduce a Polo, que es puramente de monta\u00f1a. En la coordinaci\u00f3n de la actividad estuvieron adem\u00e1s Jos\u00e9 Alvarez y Miguel Segura, presidentes de las Asociaciones de Ciclismo de Azua y Barahona, respectivamente.<\/p>\n<\/p>\n<p>of-am<\/p>\n<\/p>\n<h6> 2013-06-04 17:14:09 <\/h6>\n<p><!--\n<link rel=\"stylesheet\" href=\"css\/bootstrap.min.css\">\n\n\n<ul class=\"pagination\">\n\t    \n\t\n\n<li >\n\t<a href='?page_no=20459'>Previous<\/a>\n\t<\/li>\n\n\n       \n    \n\n<li><a href='?page_no=1'>1<\/a><\/li>\n\n\n\n<li><a href='?page_no=2'>2<\/a><\/li>\n\n\n\n<li><a>...<\/a><\/li>\n\n\n\n<li><a href='?page_no=20458'>20458<\/a><\/li>\n\n\n\n<li><a href='?page_no=20459'>20459<\/a><\/li>\n\n\n\n<li class='active'><a>20460<\/a><\/li>\n\n\n\n<li><a href='?page_no=20461'>20461<\/a><\/li>\n\n\n\n<li><a href='?page_no=20462'>20462<\/a><\/li>\n\n\n\n<li><a>...<\/a><\/li>\n\n\n\n<li><a href='?page_no=36618'>36618<\/a><\/li>\n\n\n\n<li><a href='?page_no=36619'>36619<\/a><\/li>\n\n    \n\t\n\n<li >\n\t<a href='?page_no=20461'>Next<\/a>\n\t<\/li>\n\n\n    \n\n<li><a href='?page_no=36619'>Last &rsaquo;&rsaquo;<\/a><\/li>\n\n<\/ul>\n\n\n--><br \/>\n<\/body><\/p>\n","protected":false},"excerpt":{"rendered":"<p>Barahona RD 4 junio.- El pedalista Juan Jos\u00e9 Cueto se alz\u00f3 con los m\u00e1ximos honores en la categor\u00eda \u00e9lite en la celebraci\u00f3n de la quinta competencia correspondiente al Festival de Ciclismo Caf\u00e9 Org\u00e1nico, evento efectuado en dos etapas, el cual parti\u00f3 desde Azua hasta esta comunidad. Asimismo, Esmerlin Santana y Silverio Mej\u00eda se llevaron los [&hellip;]<\/p>\n","protected":false},"author":3,"featured_media":0,"comment_status":"open","ping_status":"open","sticky":false,"template":"","format":"standard","meta":{"footnotes":""},"categories":[17],"tags":[],"class_list":["post-213350","post","type-post","status-publish","format-standard","hentry","category-deportes"],"_links":{"self":[{"href":"https:\/\/diariodominicano.com\/index.php?rest_route=\/wp\/v2\/posts\/213350","targetHints":{"allow":["GET"]}}],"collection":[{"href":"https:\/\/diariodominicano.com\/index.php?rest_route=\/wp\/v2\/posts"}],"about":[{"href":"https:\/\/diariodominicano.com\/index.php?rest_route=\/wp\/v2\/types\/post"}],"author":[{"embeddable":true,"href":"https:\/\/diariodominicano.com\/index.php?rest_route=\/wp\/v2\/users\/3"}],"replies":[{"embeddable":true,"href":"https:\/\/diariodominicano.com\/index.php?rest_route=%2Fwp%2Fv2%2Fcomments&post=213350"}],"version-history":[{"count":0,"href":"https:\/\/diariodominicano.com\/index.php?rest_route=\/wp\/v2\/posts\/213350\/revisions"}],"wp:attachment":[{"href":"https:\/\/diariodominicano.com\/index.php?rest_route=%2Fwp%2Fv2%2Fmedia&parent=213350"}],"wp:term":[{"taxonomy":"category","embeddable":true,"href":"https:\/\/diariodominicano.com\/index.php?rest_route=%2Fwp%2Fv2%2Fcategories&post=213350"},{"taxonomy":"post_tag","embeddable":true,"href":"https:\/\/diariodominicano.com\/index.php?rest_route=%2Fwp%2Fv2%2Ftags&post=213350"}],"curies":[{"name":"wp","href":"https:\/\/api.w.org\/{rel}","templated":true}]}}