{"id":213344,"date":"2013-06-05T17:08:25","date_gmt":"2013-06-05T17:08:25","guid":{"rendered":"http:\/\/diariodominicano.ddns.net\/?p=213344"},"modified":"2013-06-05T17:08:25","modified_gmt":"2013-06-05T17:08:25","slug":"marcos-diaz-hara-ultima-travesia-como-nadador","status":"publish","type":"post","link":"https:\/\/diariodominicano.com\/?p=213344","title":{"rendered":"Marcos D\u00edaz har\u00e1 \u00faltima traves\u00eda como nadador"},"content":{"rendered":"<p><body><\/p>\n<p><img decoding=\"async\" src=\"img3\/marcos 5.jpeg\" \/>  <\/p>\n<p>Santo Domingo RD 5 junio.- Dentro de las instalaciones del Complejo Acu\u00e1tico del Centro Ol\u00edmpico Juan Pablo Duarte, el destacado nadador de aguas abiertas Marcos D\u00edaz anunci\u00f3  ayer  que realizar\u00e1 su \u00faltima traves\u00eda como nadador profesional pr\u00f3ximo domingo nueve de junio en la Bah\u00eda de Ocoa, desde Palmar de Ocoa hasta la playa de Punta Salinas, Ban\u00ed.<\/p>\n<\/p>\n<p>El destacado atleta dominicano anunci\u00f3 p\u00fablicamente su retiro, dando fin a una impresionante carrera deportiva que culminar\u00e1 este domingo luego de 11 a\u00f1os de acci\u00f3n al m\u00e1s alto nivel. D\u00edaz ha sido de los pocos nadadores de aguas abiertas del mundo que combin\u00f3 exitosamente su participaci\u00f3n en las m\u00e1s prestigiosas competencias del mundo, con la realizaci\u00f3n de traves\u00edas en solitario en las que estableci\u00f3 records mundiales.<\/p>\n<\/p>\n<p>Marcos D\u00edaz, completa una carrera deportiva sin precedentes en la historia de nuestro pa\u00eds, pues es el primer y \u00fanico atleta en alcanzar ser exaltado al sal\u00f3n de la fama internacional dentro de un deporte federado.<\/p>\n<\/p>\n<p>\u00abEn las aguas de Palmar de Ocoa completamos mi primera gran traves\u00eda hace exactamente 11 a\u00f1os, y all\u00ed queremos regresar a celebrar nuestro \u00faltimo nado como profesional. Regresar donde todo comenz\u00f3 tiene un sentimiento muy especial para todo nuestro equipo\u00bbdijo.<\/p>\n<\/p>\n<p> Y a\u00f1adi\u00f3: \u00abLas aguas de Palmar de Ocoa se convirtieron en nuestro centro de entrenamiento y donde crecieron nuestros sue\u00f1os de llegar a lo m\u00e1s alto de nuestro deporte a nivel mundial\u00bb. Sus logros deportivos, llevaron al nadador criollo a ser exaltado al Sal\u00f3n de la Fama de la nataci\u00f3n mundial a trav\u00e9s de la International Marathon Swimming Hall of Fame en octubre del a\u00f1o 2012.  <\/p>\n<\/p>\n<p>Marcos agradeci\u00f3 a los miembros de la prensa por el apoyo y seguimiento durante toda su carrera deportiva, y aprovech\u00f3 para extender la invitaci\u00f3n a todo el pa\u00eds al que ser\u00e1 su \u00faltimo nado como profesional de la nataci\u00f3n, dentro del marco de la celebraci\u00f3n del d\u00eda mundial de los oc\u00e9anos.  \u00abSeguir\u00e9 en el deporte toda mi vida, pero como profesional ser\u00e1 s\u00f3lo hasta el domingo, .\u00bb explic\u00f3 D\u00edaz, quien resalt\u00f3 que a\u00fan pudiera nadar en alg\u00fan evento como invitado especial, o por alguna causa social.<\/p>\n<\/p>\n<p>\u00abPara estar entre los mejores ten\u00edamos que entrenar como los mejores, sacrificar todo para conseguir nuestro sue\u00f1o mereci\u00f3 mucho la pena. Hoy podemos mirar hacia atr\u00e1s y estar completamente convencidos de que lo hicimos bien, y que todos los largos a\u00f1os de  sacrificio hoy nos llenan de mucho orgullo\u00bb.<\/p>\n<\/p>\n<p>\u00abSiempre nad\u00e9 por mi pa\u00eds, hoy m\u00e1s que nunca espero disfrutar esta \u00faltima traves\u00eda en presencia de todos los dominicanos, los espero en Punta Salinas este domingo.\u00bb<\/p>\n<\/p>\n<p>Lugar de la rueda de prensa<\/p>\n<p>D\u00edaz eligi\u00f3 anunciar su retiro justo al lado de la piscina donde por primera vez sus padres lo llevaron a clases de nataci\u00f3n: \u00abRecuerdo como hoy la primera vez que me trajeron aqu\u00ed, fue justo en esta piscina de 25 metros, cruzarla a lo ancho me parec\u00eda una eternidad\u00bb expres\u00f3 el atleta, cuyos padres le llevaron a la nataci\u00f3n por recomendaciones m\u00e9dicas, tras enfrentar fuertes crisis de asma.<\/p>\n<\/p>\n<p>Marcos fue reclutado por el equipo de nataci\u00f3n del club Casa de Espa\u00f1a de la ciudad de Santo Domingo donde  nad\u00f3 durante su infancia y parte de su juventud, alcanzando grandes \u00e9xitos y representando a su club y al pa\u00eds en eventos internacionales de nataci\u00f3n en piscina.<\/p>\n<\/p>\n<p>Al incursionar en la nataci\u00f3n de aguas abiertas, parte de su orgullo es afirmar que sus entrenamientos los realizaba en el pa\u00eds, justo en las piscinas del Complejo Acu\u00e1tico del Centro Ol\u00edmpico Juan Pablo Duarte. \u00abAnunciar mi retiro frente a estas piscinas es muy especial para mi\u00bb.<\/p>\n<\/p>\n<p>Recomendar este articulo por:<\/p>\n<p>Facebo<\/p>\n<h6> 2013-06-05 17:08:25 <\/h6>\n<p><!--\n<link rel=\"stylesheet\" href=\"css\/bootstrap.min.css\">\n\n\n<ul class=\"pagination\">\n\t    \n\t\n\n<li >\n\t<a href='?page_no=20453'>Previous<\/a>\n\t<\/li>\n\n\n       \n    \n\n<li><a href='?page_no=1'>1<\/a><\/li>\n\n\n\n<li><a href='?page_no=2'>2<\/a><\/li>\n\n\n\n<li><a>...<\/a><\/li>\n\n\n\n<li><a href='?page_no=20452'>20452<\/a><\/li>\n\n\n\n<li><a href='?page_no=20453'>20453<\/a><\/li>\n\n\n\n<li class='active'><a>20454<\/a><\/li>\n\n\n\n<li><a href='?page_no=20455'>20455<\/a><\/li>\n\n\n\n<li><a href='?page_no=20456'>20456<\/a><\/li>\n\n\n\n<li><a>...<\/a><\/li>\n\n\n\n<li><a href='?page_no=36618'>36618<\/a><\/li>\n\n\n\n<li><a href='?page_no=36619'>36619<\/a><\/li>\n\n    \n\t\n\n<li >\n\t<a href='?page_no=20455'>Next<\/a>\n\t<\/li>\n\n\n    \n\n<li><a href='?page_no=36619'>Last &rsaquo;&rsaquo;<\/a><\/li>\n\n<\/ul>\n\n\n--><br \/>\n<\/body><\/p>\n","protected":false},"excerpt":{"rendered":"<p>Santo Domingo RD 5 junio.- Dentro de las instalaciones del Complejo Acu\u00e1tico del Centro Ol\u00edmpico Juan Pablo Duarte, el destacado nadador de aguas abiertas Marcos D\u00edaz anunci\u00f3 ayer que realizar\u00e1 su \u00faltima traves\u00eda como nadador profesional pr\u00f3ximo domingo nueve de junio en la Bah\u00eda de Ocoa, desde Palmar de Ocoa hasta la playa de Punta [&hellip;]<\/p>\n","protected":false},"author":3,"featured_media":0,"comment_status":"open","ping_status":"open","sticky":false,"template":"","format":"standard","meta":{"footnotes":""},"categories":[17],"tags":[],"class_list":["post-213344","post","type-post","status-publish","format-standard","hentry","category-deportes"],"_links":{"self":[{"href":"https:\/\/diariodominicano.com\/index.php?rest_route=\/wp\/v2\/posts\/213344","targetHints":{"allow":["GET"]}}],"collection":[{"href":"https:\/\/diariodominicano.com\/index.php?rest_route=\/wp\/v2\/posts"}],"about":[{"href":"https:\/\/diariodominicano.com\/index.php?rest_route=\/wp\/v2\/types\/post"}],"author":[{"embeddable":true,"href":"https:\/\/diariodominicano.com\/index.php?rest_route=\/wp\/v2\/users\/3"}],"replies":[{"embeddable":true,"href":"https:\/\/diariodominicano.com\/index.php?rest_route=%2Fwp%2Fv2%2Fcomments&post=213344"}],"version-history":[{"count":0,"href":"https:\/\/diariodominicano.com\/index.php?rest_route=\/wp\/v2\/posts\/213344\/revisions"}],"wp:attachment":[{"href":"https:\/\/diariodominicano.com\/index.php?rest_route=%2Fwp%2Fv2%2Fmedia&parent=213344"}],"wp:term":[{"taxonomy":"category","embeddable":true,"href":"https:\/\/diariodominicano.com\/index.php?rest_route=%2Fwp%2Fv2%2Fcategories&post=213344"},{"taxonomy":"post_tag","embeddable":true,"href":"https:\/\/diariodominicano.com\/index.php?rest_route=%2Fwp%2Fv2%2Ftags&post=213344"}],"curies":[{"name":"wp","href":"https:\/\/api.w.org\/{rel}","templated":true}]}}