{"id":213342,"date":"2013-06-05T17:15:13","date_gmt":"2013-06-05T17:15:13","guid":{"rendered":"http:\/\/diariodominicano.ddns.net\/?p=213342"},"modified":"2013-06-05T17:15:13","modified_gmt":"2013-06-05T17:15:13","slug":"miguel-guerra-nuevo-presidente-de-los-tigres-del-licey","status":"publish","type":"post","link":"https:\/\/diariodominicano.com\/?p=213342","title":{"rendered":"Miguel Guerra, nuevo presidente de los Tigres del Licey&#13;"},"content":{"rendered":"<p><body><\/p>\n<p>Santo Domingo RD 5 junio.- Miguel Guerra Armenteros fue electo como el decimosexto presidente del Club Atl\u00e9tico Licey, para el per\u00edodo 2013-2015, al obtener la plancha que encabez\u00f3 142 votos por 105 frente a su contrincante Jos\u00e9 Manuel (Jos\u00edn) Busto Soler, en la Asamblea General Ordinaria realizada esta noche en las oficinas de la franquicia del b\u00e9isbol invernal de la Rep\u00fablica Dominicana.<\/p>\n<\/p>\n<p>Guerra Armenteros, de 45 a\u00f1os, es licenciado en Econom\u00eda y Ciencias Pol\u00edticas, con estudios en la Universidad de Pennsylvania, Estados Unidos, sucede al doctor Fernando Ravelo \u00c1lvarez, en cuyo mandato 2011-13 fungi\u00f3 como vicepresidente ejecutivo. En la directiva azul desde 1994, hab\u00eda ocupado funciones como vocal y tesorero.<\/p>\n<\/p>\n<p>Ejercer\u00e1 la presidencia acompa\u00f1ado del mismo grupo de la directiva saliente, excepto su presidente. El doctor Ricardo Ravelo Jana, es el nuevo vicepresidente; el licenciado Miguel \u00c1ngel Fern\u00e1ndez repite como tesorero; y el tambi\u00e9n licenciado Rafael \u00dabeda Heded se mantiene como secretario; el doctor Domingo Ernesto Pichardo Pe\u00f1a y los ingenieros Jaime Alsina y V\u00edctor D\u00edaz R\u00faa, vocales; los ingenieros Tancredo Aybar Torres y Federico Gonz\u00e1lez, asesores.<\/p>\n<\/p>\n<p>Jos\u00edn Busto, quien tras el proceso asegur\u00f3 que si la directiva electa necesitara el respaldo, todos los que se inclinaron a su favor est\u00e1n dispuestos a prestar su colaboraci\u00f3n, tuvo en su plancha como candidato vicepresidencial al doctor Lu\u00eds Scheker Ortiz; como secretario, Eric Raful P\u00e9rez; de tesorero, Carlos Jos\u00e9 Mart\u00ed; de vocales, Emigdio Osvaldo Garrido, Luis Decamps y Juan Jos\u00e9 Naranjo; de asesores, Edmundo Gonz\u00e1lez, Luis Garc\u00eda y Miguel Sanz Jimini\u00e1n.<\/p>\n<\/p>\n<p>El elegido se convierte en el primer nieto de un ex titular de los Tigres del Licey que alcanza la presidencia. Su abuelo fue el ingeniero Ignacio Guerra Abreu (1953-54 y 1955-57), segundo presidente en la etapa del b\u00e9isbol profesional dominicano que comenz\u00f3 en el verano de 1951 y que en 1955-56 pas\u00f3 a la \u00e9poca oto\u00f1o-invernal.<\/p>\n<\/p>\n<p>Al conocerse el resultado, Guerra hizo un recuento de su afiliaci\u00f3n como lice\u00edsta desde ni\u00f1o, a tal punto que mostr\u00f3 el peque\u00f1o uniforme que us\u00f3 a sus tres a\u00f1os y proclam\u00f3 que \u00abeste es un d\u00eda de regocijo\u00bb.<\/p>\n<\/p>\n<p>Respecto a los votos que le adversaron, explic\u00f3 que en un proceso democr\u00e1tico cada quien tiene sus preferencias y derechos, pero que tiene la creencia de que todos acudir\u00e1n a apoyar al equipo.<\/p>\n<\/p>\n<p>Proclam\u00f3 que ya se ha estado haciendo el trabajo para el pr\u00f3ximo torneo invernal con la contrataci\u00f3n de Manny Acta como gerente general, a quien se le ha dado todos los poderes; y que ahora espera la uni\u00f3n en el club house y en el terreno.<\/p>\n<h6> 2013-06-05 17:15:13 <\/h6>\n<p><!--\n<link rel=\"stylesheet\" href=\"css\/bootstrap.min.css\">\n\n\n<ul class=\"pagination\">\n\t    \n\t\n\n<li >\n\t<a href='?page_no=20451'>Previous<\/a>\n\t<\/li>\n\n\n       \n    \n\n<li><a href='?page_no=1'>1<\/a><\/li>\n\n\n\n<li><a href='?page_no=2'>2<\/a><\/li>\n\n\n\n<li><a>...<\/a><\/li>\n\n\n\n<li><a href='?page_no=20450'>20450<\/a><\/li>\n\n\n\n<li><a href='?page_no=20451'>20451<\/a><\/li>\n\n\n\n<li class='active'><a>20452<\/a><\/li>\n\n\n\n<li><a href='?page_no=20453'>20453<\/a><\/li>\n\n\n\n<li><a href='?page_no=20454'>20454<\/a><\/li>\n\n\n\n<li><a>...<\/a><\/li>\n\n\n\n<li><a href='?page_no=36618'>36618<\/a><\/li>\n\n\n\n<li><a href='?page_no=36619'>36619<\/a><\/li>\n\n    \n\t\n\n<li >\n\t<a href='?page_no=20453'>Next<\/a>\n\t<\/li>\n\n\n    \n\n<li><a href='?page_no=36619'>Last &rsaquo;&rsaquo;<\/a><\/li>\n\n<\/ul>\n\n\n--><br \/>\n<\/body><\/p>\n","protected":false},"excerpt":{"rendered":"<p>Santo Domingo RD 5 junio.- Miguel Guerra Armenteros fue electo como el decimosexto presidente del Club Atl\u00e9tico Licey, para el per\u00edodo 2013-2015, al obtener la plancha que encabez\u00f3 142 votos por 105 frente a su contrincante Jos\u00e9 Manuel (Jos\u00edn) Busto Soler, en la Asamblea General Ordinaria realizada esta noche en las oficinas de la franquicia [&hellip;]<\/p>\n","protected":false},"author":3,"featured_media":0,"comment_status":"open","ping_status":"open","sticky":false,"template":"","format":"standard","meta":{"footnotes":""},"categories":[17],"tags":[],"class_list":["post-213342","post","type-post","status-publish","format-standard","hentry","category-deportes"],"_links":{"self":[{"href":"https:\/\/diariodominicano.com\/index.php?rest_route=\/wp\/v2\/posts\/213342","targetHints":{"allow":["GET"]}}],"collection":[{"href":"https:\/\/diariodominicano.com\/index.php?rest_route=\/wp\/v2\/posts"}],"about":[{"href":"https:\/\/diariodominicano.com\/index.php?rest_route=\/wp\/v2\/types\/post"}],"author":[{"embeddable":true,"href":"https:\/\/diariodominicano.com\/index.php?rest_route=\/wp\/v2\/users\/3"}],"replies":[{"embeddable":true,"href":"https:\/\/diariodominicano.com\/index.php?rest_route=%2Fwp%2Fv2%2Fcomments&post=213342"}],"version-history":[{"count":0,"href":"https:\/\/diariodominicano.com\/index.php?rest_route=\/wp\/v2\/posts\/213342\/revisions"}],"wp:attachment":[{"href":"https:\/\/diariodominicano.com\/index.php?rest_route=%2Fwp%2Fv2%2Fmedia&parent=213342"}],"wp:term":[{"taxonomy":"category","embeddable":true,"href":"https:\/\/diariodominicano.com\/index.php?rest_route=%2Fwp%2Fv2%2Fcategories&post=213342"},{"taxonomy":"post_tag","embeddable":true,"href":"https:\/\/diariodominicano.com\/index.php?rest_route=%2Fwp%2Fv2%2Ftags&post=213342"}],"curies":[{"name":"wp","href":"https:\/\/api.w.org\/{rel}","templated":true}]}}