{"id":213325,"date":"2013-06-06T23:33:46","date_gmt":"2013-06-06T23:33:46","guid":{"rendered":"http:\/\/diariodominicano.ddns.net\/?p=213325"},"modified":"2013-06-06T23:33:46","modified_gmt":"2013-06-06T23:33:46","slug":"resalta-que-paises-que-utilizan-el-deporte-y-la-actividad-fisica-como-una-herramienta-para-el-desarrollo-economico-y-social","status":"publish","type":"post","link":"https:\/\/diariodominicano.com\/?p=213325","title":{"rendered":"Resalta que pa\u00edses que utilizan el deporte y la actividad f\u00edsica como una herramienta para el desarrollo econ\u00f3mico y social"},"content":{"rendered":"<p><body><\/p>\n<p><img decoding=\"async\" src=\"http:\/\/localhost:8080\/img3\/jaime.JPG\" \/>  <\/p>\n<p><span class=\"text1noticias\">Santo Domingo, RD.-El Ministro de Deportes, Doctor Jaime David Fern\u00e1ndez Mirabal manifest\u00f3 que el deporte  contribuye al buen vivir de los pa\u00edses que est\u00e1n utilizando el deporte y la actividad f\u00edsica como una herramienta para el desarrollo econ\u00f3mico y social.<\/span><\/p>\n<\/p>\n<p><span class=\"text1noticias\">El titular de la cartera deportiva habl\u00f3 en ese sentido, durante su comparecencia  en la exposici\u00f3n del f\u00f3rum \u00abDeportes para la Paz y el Desarrollo\u00bb que auspicia  las Naciones Unidas.<\/span><\/p>\n<\/p>\n<p><span class=\"text1noticias\">Fern\u00e1ndez Mirabal  expres\u00f3 que esta  iniciativa de organizar este F\u00f3rum de Deportes para la Paz y el Desarrollo es de gran valor para la vida, porque dentro de los postulados en favor de la inclusi\u00f3n en la Rep\u00fablica Dominicana hemos hecho una campa\u00f1a con el lema de: Educar en la Diversidad para Construir la Paz. El deporte es una miel que atrae, recrea, ejercita, aglutina y cohesiona, tanto al individuo como a la familia y la sociedad, el deporte permite completar la definici\u00f3n de salud como estado de bienestar f\u00edsico, mental y social\u00bb, enfatiz\u00f3 el Dr. Jaime David Fern\u00e1ndez.<\/span><\/p>\n<\/p>\n<p><span class=\"text1noticias\">Expres\u00f3 que la transversalidad de las pol\u00edticas de g\u00e9nero en el deporte es una prioridad para nosotros, pues las ni\u00f1as y las mujeres que practican deportes mejoran su autoestima, son m\u00e1s seguras de s\u00ed mismas y m\u00e1s productivas, pero tambi\u00e9n cuando un ni\u00f1o es entrenado por una mujer es mucho m\u00e1s respetuoso con las mujeres cuando es adulto, por tal raz\u00f3n estamos capacitando a 300 mujeres entrenadoras en coordinaci\u00f3n con las universidades. <\/span><\/p>\n<\/p>\n<p><span class=\"text1noticias\">Indic\u00f3 el Ministro de Deporte dominicano en presencia del Secretario General de la ONU, Sr. Ban Ki-moon y el Presidente del Comit\u00e9 Ol\u00edmpico Internacional (COI), Sr. Jacques Rogge, que el gobierno dominicano busca que cada vez m\u00e1s mujeres practiquen deportes y ?dijo- en el mes de marzo realizamos, y lo haremos cada a\u00f1o, el Festival Deportivo de Mujer&#8230; hacia unas Olimp\u00edadas de Mujer, y el Festival de la Diversidad que realizaremos ahora en Junio y cada a\u00f1o, para impulsar el deporte como eje para la inclusi\u00f3n e integraci\u00f3n, hay que movilizar, como un desaf\u00edo, a la poblaci\u00f3n a hacer deporte y actividades f\u00edsicas: para integrar, para incluir y lograr mejores niveles de calidad de vida. Le report\u00f3 al periodista Am\u00edn Cruz.<\/span><\/p>\n<\/p>\n<p><span class=\"text1noticias\">En su disertaci\u00f3n en la ONU el Dr. Jaime David Fern\u00e1ndez, expres\u00f3 que el gobierno del Lic. Danilo Medina, en la Rep\u00fablica Dominicana est\u00e1 implementando un programa de cooperaci\u00f3n con Hait\u00ed, especialmente en la regi\u00f3n fronteriza, que implica la contrataci\u00f3n de t\u00e9cnicos cubanos del m\u00e1s alto nivel para que entrenen a ambos lados de los dos pa\u00edses; tambi\u00e9n con profesores de Educaci\u00f3n F\u00edsica y Deportes que entrenen en liceos de Educaci\u00f3n Media en tres comunidades de Hait\u00ed; adem\u00e1s capacitaremos en Julio a 50 j\u00f3venes haitianos en un Diplomado de Formaci\u00f3n B\u00e1sica para Monitores Deportivos y apoyaremos la realizaci\u00f3n de los Juegos de la Confraternidad Dominico ? Haitiana.  La solidaridad y la cooperaci\u00f3n son elementos fundamentales para que el deporte sea un instrumento eficiente para la paz y el desarrollo, hay que incentivar el deporte como un eje transversal para superar toda forma de pobreza, violencia y exclusi\u00f3n; finaliz\u00f3 diciendo el Ministro de Deporte Jaime D. Fern\u00e1ndez Mirabal.<\/span><\/p>\n<\/p>\n<p><span class=\"text1noticias\">En este tercer Foro Internacional sobre el Deporte para la Paz y el Desarrollo, que se realiza 5 y 6 del presente mes, fue inaugurado por el Secretario General de la ONU, Sr. Ban Ki-moon, adem\u00e1s estuvieron presentes el Sr. Jacques Rogge, Presidente del Comit\u00e9 Ol\u00edmpico Internacional (COI), Sr. Wilfried Lemke, Asesor Especial del Secretario General en Deporte para el Desarrollo y la Paz, Sr. Mario Pescante, Observador, Permanente del Comit\u00e9 Ol\u00edmpico Internacional ante la ONU., Sra. Marianna, Muffy Davis, paral\u00edmpica y Embajadora Atleta del Comit\u00e9 Ol\u00edmpico Internacional entre otros ministros, embajadores , representantes gubernamentales y deportistas del mundo.(HG)<\/span>.<\/p>\n<h6> 2013-06-06 23:33:46 <\/h6>\n<p><!--\n<link rel=\"stylesheet\" href=\"css\/bootstrap.min.css\">\n\n\n<ul class=\"pagination\">\n\t    \n\t\n\n<li >\n\t<a href='?page_no=20434'>Previous<\/a>\n\t<\/li>\n\n\n       \n    \n\n<li><a href='?page_no=1'>1<\/a><\/li>\n\n\n\n<li><a href='?page_no=2'>2<\/a><\/li>\n\n\n\n<li><a>...<\/a><\/li>\n\n\n\n<li><a href='?page_no=20433'>20433<\/a><\/li>\n\n\n\n<li><a href='?page_no=20434'>20434<\/a><\/li>\n\n\n\n<li class='active'><a>20435<\/a><\/li>\n\n\n\n<li><a href='?page_no=20436'>20436<\/a><\/li>\n\n\n\n<li><a href='?page_no=20437'>20437<\/a><\/li>\n\n\n\n<li><a>...<\/a><\/li>\n\n\n\n<li><a href='?page_no=36618'>36618<\/a><\/li>\n\n\n\n<li><a href='?page_no=36619'>36619<\/a><\/li>\n\n    \n\t\n\n<li >\n\t<a href='?page_no=20436'>Next<\/a>\n\t<\/li>\n\n\n    \n\n<li><a href='?page_no=36619'>Last &rsaquo;&rsaquo;<\/a><\/li>\n\n<\/ul>\n\n\n--><br \/>\n<\/body><\/p>\n","protected":false},"excerpt":{"rendered":"<p>Santo Domingo, RD.-El Ministro de Deportes, Doctor Jaime David Fern\u00e1ndez Mirabal manifest\u00f3 que el deporte contribuye al buen vivir de los pa\u00edses que est\u00e1n utilizando el deporte y la actividad f\u00edsica como una herramienta para el desarrollo econ\u00f3mico y social. El titular de la cartera deportiva habl\u00f3 en ese sentido, durante su comparecencia en la [&hellip;]<\/p>\n","protected":false},"author":3,"featured_media":0,"comment_status":"open","ping_status":"open","sticky":false,"template":"","format":"standard","meta":{"footnotes":""},"categories":[17],"tags":[],"class_list":["post-213325","post","type-post","status-publish","format-standard","hentry","category-deportes"],"_links":{"self":[{"href":"https:\/\/diariodominicano.com\/index.php?rest_route=\/wp\/v2\/posts\/213325","targetHints":{"allow":["GET"]}}],"collection":[{"href":"https:\/\/diariodominicano.com\/index.php?rest_route=\/wp\/v2\/posts"}],"about":[{"href":"https:\/\/diariodominicano.com\/index.php?rest_route=\/wp\/v2\/types\/post"}],"author":[{"embeddable":true,"href":"https:\/\/diariodominicano.com\/index.php?rest_route=\/wp\/v2\/users\/3"}],"replies":[{"embeddable":true,"href":"https:\/\/diariodominicano.com\/index.php?rest_route=%2Fwp%2Fv2%2Fcomments&post=213325"}],"version-history":[{"count":0,"href":"https:\/\/diariodominicano.com\/index.php?rest_route=\/wp\/v2\/posts\/213325\/revisions"}],"wp:attachment":[{"href":"https:\/\/diariodominicano.com\/index.php?rest_route=%2Fwp%2Fv2%2Fmedia&parent=213325"}],"wp:term":[{"taxonomy":"category","embeddable":true,"href":"https:\/\/diariodominicano.com\/index.php?rest_route=%2Fwp%2Fv2%2Fcategories&post=213325"},{"taxonomy":"post_tag","embeddable":true,"href":"https:\/\/diariodominicano.com\/index.php?rest_route=%2Fwp%2Fv2%2Ftags&post=213325"}],"curies":[{"name":"wp","href":"https:\/\/api.w.org\/{rel}","templated":true}]}}