{"id":213324,"date":"2013-06-06T23:43:53","date_gmt":"2013-06-06T23:43:53","guid":{"rendered":"http:\/\/diariodominicano.ddns.net\/?p=213324"},"modified":"2013-06-06T23:43:53","modified_gmt":"2013-06-06T23:43:53","slug":"el-domingo-se-corre-el-10k-5k-ganemosle-la-carrera-a-la-diabetes","status":"publish","type":"post","link":"https:\/\/diariodominicano.com\/?p=213324","title":{"rendered":"El domingo se corre el 10K-5K Gan\u00e9mosle la Carrera a la Diabetes"},"content":{"rendered":"<p><body><\/p>\n<p><img decoding=\"async\" src=\"img3\/diabetes.JPG\" \/>  <\/p>\n<p><span class=\"text1noticias\">Santo Domingo, RD, 6 de Junio.-La Fundaci\u00f3n Aprendiendo a Vivir present\u00f3 los detalles t\u00e9cnicos de la segunda versi\u00f3n de los \u00ab10K-5K Gan\u00e9mosle la Carrera a la Diabetes 2013\u00bb, un evento que se realizar\u00e1 el pr\u00f3ximo domingo 9 de junio en el Jard\u00edn Bot\u00e1nico de Santo Domingo a partir de las 7:30AM.<\/span><\/p>\n<\/p>\n<p><span class=\"text1noticias\">El evento contar\u00e1 con la presencia del estelar corredor Luguel\u00edn Santos, mmedallista de los Juegos Ol\u00edmpicos y de la Juventud, quien estar\u00e1 en las salidas, firmando aut\u00f3grafos y en la entrega de premios.<\/span><\/p>\n<\/p>\n<p><span class=\"text1noticias\">Entre los m\u00e1s destacados se repartir\u00e1n premios de una bolsa de RD$130.000, gracias al Grupo Mej\u00eda Alcal\u00e1 a nombre de Milex, para los niveles 10K y los \u00e9lite de ambas ramas.<\/span><\/p>\n<\/p>\n<p><span class=\"text1noticias\">La cita de los periodistas deportivos, estuvo encabezada por Ra\u00fal Santaella, director t\u00e9cnico, quien represent\u00f3 al ingeniero Jos\u00e9 Antonio L\u00f3pez, presidente fundador de Aprendiendo a Vivir.<\/span><\/p>\n<\/p>\n<p><span class=\"text1noticias\"> \u00abEste a\u00f1o nuestra carrera se viste de lujo al recibir a nuestro Medallista Ol\u00edmpico Luguel\u00edn Santos, quien como figura de apoyo que se identifica con la prevenci\u00f3n de la diabetes en el pa\u00eds, estar\u00e1 presente para premiar a todos los participantes de la Carrera 10K\u00bb, dijo Santaella.<\/span><\/p>\n<\/p>\n<p><span class=\"text1noticias\">Santaella estuvo acompa\u00f1ado de Randolph Luna, gerente de mercadeo del Grupo Mej\u00eda Alcal\u00e1, con su producto Milex, quien detall\u00f3 de la presencia de Santos el pr\u00f3ximo domingo. <\/span><\/p>\n<\/p>\n<p><span class=\"text1noticias\">La directora del voluntariado de Aprendiendo a Vivir, Ailsa Hern\u00e1ndez,  indic\u00f3 que contar\u00e1n con dispositivos de seguridad, servicios param\u00e9dicos, ambulancia, supervisores, y puntos de hidrataci\u00f3n y de recuperaci\u00f3n, entre otros.<\/span><\/p>\n<\/p>\n<p><span class=\"text1noticias\">De igual forma inform\u00f3 que como parte de la campa\u00f1a motivacional de educaci\u00f3n y prevenci\u00f3n de diabetes que la fundaci\u00f3n realiza, se sortear\u00eda entre todos los participantes en la carrera, un cupo de participaci\u00f3n en el London Virgin Marathon a desarrollarse en abril del a\u00f1o pr\u00f3ximo en la ciudad de Londres, Inglaterra.<\/span><\/p>\n<\/p>\n<p><span class=\"text1noticias\">El director de la carrera, el ingeniero Carlo Graciano, coment\u00f3 \u00abAmbas rutas han sido Certificadas por el Association of International Marathons and Distance Races (AIMS) y por la IAAF; procedi\u00f3 a presentar los certificados de la Medici\u00f3n Internacional y present\u00f3 a la prensa la ruta interna que tendr\u00e1n los recorridos de ambas categor\u00edas.<\/span><\/p>\n<\/p>\n<p><span class=\"text1noticias\">Santaella y Graciano recordaron que el evento, no s\u00f3lo servir\u00e1 de escenario para una carrera 10K, \u00fanica a ser corrida en el Jard\u00edn Bot\u00e1nico de Santo Domingo, sino que tambi\u00e9n invitar\u00e1 a que miles participen caminando o corriendo 5K o formen parte de un seriado de clases de Zumba y Fitness a cargo de Body Shop Athletic Club, todo a ser realizado domingo 9 de Junio en el Jard\u00edn Bot\u00e1nico, la producci\u00f3n y direcci\u00f3n de Lendof &amp; Asociados.<\/span><\/p>\n<\/p>\n<p><span class=\"text1noticias\">Estuvo presente Iv\u00e1n Mieses, inmortal del Deporte Dominicano, quien hizo una exhortaci\u00f3n para que participen de esa actividad sana y de convivencia familiar.<\/span><\/p>\n<\/p>\n<p><span class=\"text1noticias\">Correr\u00e1n en las categor\u00edas de 19 a\u00f1os y menos, 20-29, 30-39, 40-49, 50  &#8211; 59, 60 y m\u00e1s, incluyendo la Elite.(HG)<\/span>.<\/p>\n<h6> 2013-06-06 23:43:53 <\/h6>\n<p><!--\n<link rel=\"stylesheet\" href=\"css\/bootstrap.min.css\">\n\n\n<ul class=\"pagination\">\n\t    \n\t\n\n<li >\n\t<a href='?page_no=20433'>Previous<\/a>\n\t<\/li>\n\n\n       \n    \n\n<li><a href='?page_no=1'>1<\/a><\/li>\n\n\n\n<li><a href='?page_no=2'>2<\/a><\/li>\n\n\n\n<li><a>...<\/a><\/li>\n\n\n\n<li><a href='?page_no=20432'>20432<\/a><\/li>\n\n\n\n<li><a href='?page_no=20433'>20433<\/a><\/li>\n\n\n\n<li class='active'><a>20434<\/a><\/li>\n\n\n\n<li><a href='?page_no=20435'>20435<\/a><\/li>\n\n\n\n<li><a href='?page_no=20436'>20436<\/a><\/li>\n\n\n\n<li><a>...<\/a><\/li>\n\n\n\n<li><a href='?page_no=36618'>36618<\/a><\/li>\n\n\n\n<li><a href='?page_no=36619'>36619<\/a><\/li>\n\n    \n\t\n\n<li >\n\t<a href='?page_no=20435'>Next<\/a>\n\t<\/li>\n\n\n    \n\n<li><a href='?page_no=36619'>Last &rsaquo;&rsaquo;<\/a><\/li>\n\n<\/ul>\n\n\n--><br \/>\n<\/body><\/p>\n","protected":false},"excerpt":{"rendered":"<p>Santo Domingo, RD, 6 de Junio.-La Fundaci\u00f3n Aprendiendo a Vivir present\u00f3 los detalles t\u00e9cnicos de la segunda versi\u00f3n de los \u00ab10K-5K Gan\u00e9mosle la Carrera a la Diabetes 2013\u00bb, un evento que se realizar\u00e1 el pr\u00f3ximo domingo 9 de junio en el Jard\u00edn Bot\u00e1nico de Santo Domingo a partir de las 7:30AM. El evento contar\u00e1 con [&hellip;]<\/p>\n","protected":false},"author":3,"featured_media":0,"comment_status":"open","ping_status":"open","sticky":false,"template":"","format":"standard","meta":{"footnotes":""},"categories":[17],"tags":[],"class_list":["post-213324","post","type-post","status-publish","format-standard","hentry","category-deportes"],"_links":{"self":[{"href":"https:\/\/diariodominicano.com\/index.php?rest_route=\/wp\/v2\/posts\/213324","targetHints":{"allow":["GET"]}}],"collection":[{"href":"https:\/\/diariodominicano.com\/index.php?rest_route=\/wp\/v2\/posts"}],"about":[{"href":"https:\/\/diariodominicano.com\/index.php?rest_route=\/wp\/v2\/types\/post"}],"author":[{"embeddable":true,"href":"https:\/\/diariodominicano.com\/index.php?rest_route=\/wp\/v2\/users\/3"}],"replies":[{"embeddable":true,"href":"https:\/\/diariodominicano.com\/index.php?rest_route=%2Fwp%2Fv2%2Fcomments&post=213324"}],"version-history":[{"count":0,"href":"https:\/\/diariodominicano.com\/index.php?rest_route=\/wp\/v2\/posts\/213324\/revisions"}],"wp:attachment":[{"href":"https:\/\/diariodominicano.com\/index.php?rest_route=%2Fwp%2Fv2%2Fmedia&parent=213324"}],"wp:term":[{"taxonomy":"category","embeddable":true,"href":"https:\/\/diariodominicano.com\/index.php?rest_route=%2Fwp%2Fv2%2Fcategories&post=213324"},{"taxonomy":"post_tag","embeddable":true,"href":"https:\/\/diariodominicano.com\/index.php?rest_route=%2Fwp%2Fv2%2Ftags&post=213324"}],"curies":[{"name":"wp","href":"https:\/\/api.w.org\/{rel}","templated":true}]}}