{"id":213320,"date":"2013-06-07T16:41:46","date_gmt":"2013-06-07T16:41:46","guid":{"rendered":"http:\/\/diariodominicano.ddns.net\/?p=213320"},"modified":"2013-06-07T16:41:46","modified_gmt":"2013-06-07T16:41:46","slug":"nadal-gana-un-duelo-intenso-a-djokovic-y-buscara-su-octavo-titulo-en-paris","status":"publish","type":"post","link":"https:\/\/diariodominicano.com\/?p=213320","title":{"rendered":"Nadal gana un duelo intenso a Djokovic y buscar\u00e1 su octavo t\u00edtulo en Par\u00eds&#13;"},"content":{"rendered":"<p><body><\/p>\n<p><img decoding=\"async\" src=\"img3\/nadal 7.jpg\" \/>  <\/p>\n<p>Paris, Francia 7 junio.- El espa\u00f1ol Rafael Nadal se clasific\u00f3 para la final de Roland Garros al derrotar al serbio Novak Djokovic por 6-4, 3-6, 6-1, 6-7(3) y 9-7 al t\u00e9rmino de un intenso duelo que dur\u00f3 4 horas y 37 minutos, por lo que buscar\u00e1 el pr\u00f3ximo domingo su octavo t\u00edtulo en el Grand Slam de tierra batida.<\/p>\n<\/p>\n<p>El mallorqu\u00edn sum\u00f3 su victoria 58 en Roland Garros, con lo que igual\u00f3 el r\u00e9cord del argentino Guillermo Vilas en este torneo.<\/p>\n<\/p>\n<p>Su rival en la final saldr\u00e1 del duelo entre el espa\u00f1ol David Ferrer, cuarto favorito, y el franc\u00e9s Jo-Wilfried Tsonga, sexto.<\/p>\n<\/p>\n<p>El encuentro record\u00f3 a la final del Abierto de Australia que ambos tenistas disputaron el a\u00f1o pasado y que tras numerosas iniciativas acab\u00f3 del lado del serbio.<\/p>\n<\/p>\n<p>En esta ocasi\u00f3n, tambi\u00e9n los dos pudieron apuntarse la victoria, que finalmente se qued\u00f3 en manos del heptacampe\u00f3n.<\/p>\n<\/p>\n<p>Nadal volvi\u00f3 a demostrar su supremac\u00eda sobre la tierra batida, aunque en esta ocasi\u00f3n la victoria estuvo m\u00e1s ajustada que en la final del a\u00f1o pasado contra Djokovic, que se resolvi\u00f3 del lado del mallorqu\u00edn en cuatro sets repartidos en dos d\u00edas a causa de la lluvia.<\/p>\n<\/p>\n<p>El espa\u00f1ol pudo con un Djokovic que hace mes y medio le hab\u00eda derrotado en la final de Montecarlo, la \u00fanica derrota del espa\u00f1ol en ese torneo.<\/p>\n<\/p>\n<p>Desde su retorno en febrero tras siete meses de ausencia por los problemas de rodilla, aquella es la \u00fanica derrota que ha cosechado el mallorqu\u00edn junto con la de la final de Vi\u00f1a del Mar contra el argentino Horacio Zeballos.<\/p>\n<\/p>\n<p>Nadal volvi\u00f3 a derrotar, por quinta vez, a Djokovic en Roland Garros. El serbio acud\u00eda a esta edici\u00f3n con la intenci\u00f3n de sumar el \u00fanico grande que falta en su palmar\u00e9s y convertirse en el octavo tenista que los acumula todos.<\/p>\n<\/p>\n<p>Pero Djokovic tendr\u00e1 que esperar, porque de nuevo se cruz\u00f3 con el mejor tenista de todos los tiempos en Roland Garros, el hombre que ha sumado siete victorias y que tendr\u00e1 la ocasi\u00f3n de agregar la octava, algo que ning\u00fan otro tenista ha logrado en ning\u00fan Grand Slam.<\/p>\n<\/p>\n<p>El duelo, para mucho la final avanzada, depar\u00f3 el partido de alto nivel que presagiaba la calidad de los contendientes. Hubo fases de tenis magn\u00edfico, un combate de dos tenistas capaces de lo mejor y alternativas.<\/p>\n<\/p>\n<p>En el primer set, ninguno de los dos tenistas dispuso de bolas de ruptura hasta el s\u00e9ptimo juego, cuando Nadal logr\u00f3 hacerse con el servicio de Djokovic al tercer intento. A partir de ah\u00ed, le vali\u00f3 con adjudicarse sus dos siguientes saques para hacerse con la primera manga.<\/p>\n<\/p>\n<p>Con la misma igualdad comenz\u00f3 la segunda, hasta que Nadal volvi\u00f3 a quebrar en el quinto juego. Parec\u00eda que el espa\u00f1ol pod\u00eda acelerar hacia la victoria, pero reaccion\u00f3 Djokovic y se hizo con cuatro juegos consecutivos, incluidos dos con el servicio de Nadal, que le permitieron adjudicarse el set. El mallorqu\u00edn parec\u00eda descentrado, incluso concedi\u00f3 una bola de rotura a su rival con una doble falta.<\/p>\n<\/p>\n<p>El espa\u00f1ol le devolvi\u00f3 con creces el parcial en el tercero, cuando se apunt\u00f3 un 5-0. Incluso dispuso de dos pelotas para ganar por 6-0, un resultado que nadie infring\u00eda al serbio desde la final de Cincinatti de 2011 contra el suizo Roger Federer.<\/p>\n<\/p>\n<p>En cualquier caso, Djokovic logr\u00f3 sumar un juego en ese set, aunque en el siguiente Nadal cerr\u00f3 la manga en la segunda bola que dispuso, despu\u00e9s de que la primera fuera amonestado por el \u00e1rbitro por demorar demasiado su servicio.<\/p>\n<\/p>\n<p>El cuarto volvi\u00f3 a recuperar el duelo de igual a igual. Nadal quebr\u00f3 en el s\u00e9ptimo y concedi\u00f3 su saque en el siguiente. Volvi\u00f3 a arrebatar el set de su rival en el und\u00e9cimo y dispuso de la oportunidad de servir para anotarse el partido.<\/p>\n<\/p>\n<p>El mallorqu\u00edn estuvo a dos puntos de lograrlo, pero apareci\u00f3 el mejor Djokovic, el n\u00famero uno del mundo, dispuesto a no vender barata su piel.<\/p>\n<\/p>\n<p>El serbio arrebat\u00f3 el servicio de Nadal y forz\u00f3 un juego de desempate en el que fue muy superior, ante el tenista espa\u00f1ol que encaden\u00f3 errores.<\/p>\n<\/p>\n<p>La ventaja moral se decant\u00f3 en ese momento del lado del serbio, que comenz\u00f3 la manga definitiva rompiendo el servicio de Nadal. Tras haber estado contra las cuerdas, Djokovic parec\u00eda navegar con el viento de cola.<\/p>\n<\/p>\n<p>Nadal presion\u00f3 una y otra vez al servicio del serbio. Tuvo bola para arrebat\u00e1rselo en el segundo, pero debi\u00f3 esperar al octavo, despu\u00e9s de que Djokovic perdiera un punto que ten\u00eda ganado por tocar la red, algo que proh\u00edbe el reglamento.<\/p>\n<\/p>\n<p>En el siguiente, el espa\u00f1ol se adjudic\u00f3 su servicio y, en el del serbio, volvi\u00f3 a estar a dos puntos de la victoria.<\/p>\n<\/p>\n<p>Pero en la pista estaban los dos mejores tenistas del momento y sus duelos siempre vienen rodeados de \u00e9pica. Los dos tenistas aseguraron su servicio hasta el juego d\u00e9cimo sexto, cuando Djokovic no fue capaz de anotarse ning\u00fan punto en su servicio.<\/p>\n<h6> 2013-06-07 16:41:46 <\/h6>\n<p><!--\n<link rel=\"stylesheet\" href=\"css\/bootstrap.min.css\">\n\n\n<ul class=\"pagination\">\n\t    \n\t\n\n<li >\n\t<a href='?page_no=20429'>Previous<\/a>\n\t<\/li>\n\n\n       \n    \n\n<li><a href='?page_no=1'>1<\/a><\/li>\n\n\n\n<li><a href='?page_no=2'>2<\/a><\/li>\n\n\n\n<li><a>...<\/a><\/li>\n\n\n\n<li><a href='?page_no=20428'>20428<\/a><\/li>\n\n\n\n<li><a href='?page_no=20429'>20429<\/a><\/li>\n\n\n\n<li class='active'><a>20430<\/a><\/li>\n\n\n\n<li><a href='?page_no=20431'>20431<\/a><\/li>\n\n\n\n<li><a href='?page_no=20432'>20432<\/a><\/li>\n\n\n\n<li><a>...<\/a><\/li>\n\n\n\n<li><a href='?page_no=36618'>36618<\/a><\/li>\n\n\n\n<li><a href='?page_no=36619'>36619<\/a><\/li>\n\n    \n\t\n\n<li >\n\t<a href='?page_no=20431'>Next<\/a>\n\t<\/li>\n\n\n    \n\n<li><a href='?page_no=36619'>Last &rsaquo;&rsaquo;<\/a><\/li>\n\n<\/ul>\n\n\n--><br \/>\n<\/body><\/p>\n","protected":false},"excerpt":{"rendered":"<p>Paris, Francia 7 junio.- El espa\u00f1ol Rafael Nadal se clasific\u00f3 para la final de Roland Garros al derrotar al serbio Novak Djokovic por 6-4, 3-6, 6-1, 6-7(3) y 9-7 al t\u00e9rmino de un intenso duelo que dur\u00f3 4 horas y 37 minutos, por lo que buscar\u00e1 el pr\u00f3ximo domingo su octavo t\u00edtulo en el Grand [&hellip;]<\/p>\n","protected":false},"author":3,"featured_media":0,"comment_status":"open","ping_status":"open","sticky":false,"template":"","format":"standard","meta":{"footnotes":""},"categories":[17],"tags":[],"class_list":["post-213320","post","type-post","status-publish","format-standard","hentry","category-deportes"],"_links":{"self":[{"href":"https:\/\/diariodominicano.com\/index.php?rest_route=\/wp\/v2\/posts\/213320","targetHints":{"allow":["GET"]}}],"collection":[{"href":"https:\/\/diariodominicano.com\/index.php?rest_route=\/wp\/v2\/posts"}],"about":[{"href":"https:\/\/diariodominicano.com\/index.php?rest_route=\/wp\/v2\/types\/post"}],"author":[{"embeddable":true,"href":"https:\/\/diariodominicano.com\/index.php?rest_route=\/wp\/v2\/users\/3"}],"replies":[{"embeddable":true,"href":"https:\/\/diariodominicano.com\/index.php?rest_route=%2Fwp%2Fv2%2Fcomments&post=213320"}],"version-history":[{"count":0,"href":"https:\/\/diariodominicano.com\/index.php?rest_route=\/wp\/v2\/posts\/213320\/revisions"}],"wp:attachment":[{"href":"https:\/\/diariodominicano.com\/index.php?rest_route=%2Fwp%2Fv2%2Fmedia&parent=213320"}],"wp:term":[{"taxonomy":"category","embeddable":true,"href":"https:\/\/diariodominicano.com\/index.php?rest_route=%2Fwp%2Fv2%2Fcategories&post=213320"},{"taxonomy":"post_tag","embeddable":true,"href":"https:\/\/diariodominicano.com\/index.php?rest_route=%2Fwp%2Fv2%2Ftags&post=213320"}],"curies":[{"name":"wp","href":"https:\/\/api.w.org\/{rel}","templated":true}]}}