{"id":213317,"date":"2013-06-07T18:58:09","date_gmt":"2013-06-07T18:58:09","guid":{"rendered":"http:\/\/diariodominicano.ddns.net\/?p=213317"},"modified":"2013-06-07T18:58:09","modified_gmt":"2013-06-07T18:58:09","slug":"los-indios-sfm-convocan-a-practicas-para-lnb","status":"publish","type":"post","link":"https:\/\/diariodominicano.com\/?p=213317","title":{"rendered":"Los Indios SFM, convocan a pr\u00e1cticas para LNB"},"content":{"rendered":"<p><body><\/p>\n<p>San Francisco de Macoris RD 7 junio.- Los Indios de San Francisco convocaron al inicio de sus pr\u00e1cticas con miras al torneo de la Liga Nacional de Baloncesto. Los entrenamientos est\u00e1n pautados para realizarse a partir del lunes.<\/p>\n<\/p>\n<p>\u00abDesde el primer d\u00eda de pr\u00e1cticas vamos a contar con la presencia de jugadores estelares e invitados, adem\u00e1s varios de los reci\u00e9n escogidos en el pasado Draft\u00bb, dijo el periodista Junior Matrille, gerente de operaciones del conjunto.<\/p>\n<\/p>\n<p>Matrille destac\u00f3 las expectativas del conjunto para la temporada 2013 de la Liga Scotiabank LNB. <\/p>\n<\/p>\n<p>Entre los jugadores invitados el equipo tiene a Leoanny Reynoso, Michael Mendoza, Erickson S\u00e1nchez, Ben de la Cruz, Odonys Santos, Luis Devares, Eddy Guizzarry, Rafi Polanco y Johnny Peralta.<\/p>\n<\/p>\n<p>\u00abArrancamos con buen tiempo para preparar nuestro equipo, buscamos ser exitosos y pondremos todo el empe\u00f1o para que las cosas salgan bien\u00bb, dijo el coach David D\u00edaz, quien estar\u00e1 acompa;ado acompa\u00f1ado de sus asistentes, Santos Ceballos y Ulianov Luper\u00f3n, ambos repiten con el equipo. <\/p>\n<\/p>\n<p>En cuanto a los refuerzos Robert Glenn, Hatila Passos y Ralph Mims estar\u00e1n uni\u00e9ndose al equipo a partir del pr\u00f3ximo 16 de junio.<\/p>\n<h6> 2013-06-07 18:58:09 <\/h6>\n<p><!--\n<link rel=\"stylesheet\" href=\"css\/bootstrap.min.css\">\n\n\n<ul class=\"pagination\">\n\t    \n\t\n\n<li >\n\t<a href='?page_no=20426'>Previous<\/a>\n\t<\/li>\n\n\n       \n    \n\n<li><a href='?page_no=1'>1<\/a><\/li>\n\n\n\n<li><a href='?page_no=2'>2<\/a><\/li>\n\n\n\n<li><a>...<\/a><\/li>\n\n\n\n<li><a href='?page_no=20425'>20425<\/a><\/li>\n\n\n\n<li><a href='?page_no=20426'>20426<\/a><\/li>\n\n\n\n<li class='active'><a>20427<\/a><\/li>\n\n\n\n<li><a href='?page_no=20428'>20428<\/a><\/li>\n\n\n\n<li><a href='?page_no=20429'>20429<\/a><\/li>\n\n\n\n<li><a>...<\/a><\/li>\n\n\n\n<li><a href='?page_no=36618'>36618<\/a><\/li>\n\n\n\n<li><a href='?page_no=36619'>36619<\/a><\/li>\n\n    \n\t\n\n<li >\n\t<a href='?page_no=20428'>Next<\/a>\n\t<\/li>\n\n\n    \n\n<li><a href='?page_no=36619'>Last &rsaquo;&rsaquo;<\/a><\/li>\n\n<\/ul>\n\n\n--><br \/>\n<\/body><\/p>\n","protected":false},"excerpt":{"rendered":"<p>San Francisco de Macoris RD 7 junio.- Los Indios de San Francisco convocaron al inicio de sus pr\u00e1cticas con miras al torneo de la Liga Nacional de Baloncesto. Los entrenamientos est\u00e1n pautados para realizarse a partir del lunes. \u00abDesde el primer d\u00eda de pr\u00e1cticas vamos a contar con la presencia de jugadores estelares e invitados, [&hellip;]<\/p>\n","protected":false},"author":3,"featured_media":0,"comment_status":"open","ping_status":"open","sticky":false,"template":"","format":"standard","meta":{"footnotes":""},"categories":[17],"tags":[],"class_list":["post-213317","post","type-post","status-publish","format-standard","hentry","category-deportes"],"_links":{"self":[{"href":"https:\/\/diariodominicano.com\/index.php?rest_route=\/wp\/v2\/posts\/213317","targetHints":{"allow":["GET"]}}],"collection":[{"href":"https:\/\/diariodominicano.com\/index.php?rest_route=\/wp\/v2\/posts"}],"about":[{"href":"https:\/\/diariodominicano.com\/index.php?rest_route=\/wp\/v2\/types\/post"}],"author":[{"embeddable":true,"href":"https:\/\/diariodominicano.com\/index.php?rest_route=\/wp\/v2\/users\/3"}],"replies":[{"embeddable":true,"href":"https:\/\/diariodominicano.com\/index.php?rest_route=%2Fwp%2Fv2%2Fcomments&post=213317"}],"version-history":[{"count":0,"href":"https:\/\/diariodominicano.com\/index.php?rest_route=\/wp\/v2\/posts\/213317\/revisions"}],"wp:attachment":[{"href":"https:\/\/diariodominicano.com\/index.php?rest_route=%2Fwp%2Fv2%2Fmedia&parent=213317"}],"wp:term":[{"taxonomy":"category","embeddable":true,"href":"https:\/\/diariodominicano.com\/index.php?rest_route=%2Fwp%2Fv2%2Fcategories&post=213317"},{"taxonomy":"post_tag","embeddable":true,"href":"https:\/\/diariodominicano.com\/index.php?rest_route=%2Fwp%2Fv2%2Ftags&post=213317"}],"curies":[{"name":"wp","href":"https:\/\/api.w.org\/{rel}","templated":true}]}}