{"id":213316,"date":"2013-06-07T19:00:46","date_gmt":"2013-06-07T19:00:46","guid":{"rendered":"http:\/\/diariodominicano.ddns.net\/?p=213316"},"modified":"2013-06-07T19:00:46","modified_gmt":"2013-06-07T19:00:46","slug":"seis-candidatos-buscaran-presidencia-de-coi","status":"publish","type":"post","link":"https:\/\/diariodominicano.com\/?p=213316","title":{"rendered":"Seis candidatos buscar\u00e1n presidencia de COI"},"content":{"rendered":"<p><body><\/p>\n<p>Lausana, Suiza 7 junio.- Ser\u00e1n oficialmente seis candidatos los que busquen suceder a Jacques Rogge como presidente Comit\u00e9 Ol\u00edmpico Internacional. La fecha l\u00edmite del viernes para inscribir candidatos transcurri\u00f3 sin que llegaran nuevas postulaciones.<\/p>\n<\/p>\n<p>Los seis que ya hab\u00edan declarado su candidatura son: los vicepresidentes del COI Thomas Bach, de Alemania, y Ser Miang Ng, de Singapur; los miembros del consejo ejecutivo Serguei Bubka, de Ucrania, y C. K. Wu, de Taiw\u00e1n; as\u00ed como los ex miembros del consejo Richard Carri\u00f3n, de Puerto Rico, y Denis Oswald, de Suiza.<\/p>\n<\/p>\n<p>La elecci\u00f3n est\u00e1 programada para el 10 de septiembre en Buenos Aires, Argentina. Rogge dejar\u00e1 el cargo luego de completar su mandato de 12 a\u00f1os como m\u00e1ximo.<\/p>\n<\/p>\n<p>Los seis candidatos presentar\u00e1n sus manifiestos a los m\u00e1s de 100 miembros del COI en reuniones a puerta cerrada en Lausana el 3 y 4 de julio.<\/p>\n<\/p>\n<h6> 2013-06-07 19:00:46 <\/h6>\n<p><!--\n<link rel=\"stylesheet\" href=\"css\/bootstrap.min.css\">\n\n\n<ul class=\"pagination\">\n\t    \n\t\n\n<li >\n\t<a href='?page_no=20425'>Previous<\/a>\n\t<\/li>\n\n\n       \n    \n\n<li><a href='?page_no=1'>1<\/a><\/li>\n\n\n\n<li><a href='?page_no=2'>2<\/a><\/li>\n\n\n\n<li><a>...<\/a><\/li>\n\n\n\n<li><a href='?page_no=20424'>20424<\/a><\/li>\n\n\n\n<li><a href='?page_no=20425'>20425<\/a><\/li>\n\n\n\n<li class='active'><a>20426<\/a><\/li>\n\n\n\n<li><a href='?page_no=20427'>20427<\/a><\/li>\n\n\n\n<li><a href='?page_no=20428'>20428<\/a><\/li>\n\n\n\n<li><a>...<\/a><\/li>\n\n\n\n<li><a href='?page_no=36618'>36618<\/a><\/li>\n\n\n\n<li><a href='?page_no=36619'>36619<\/a><\/li>\n\n    \n\t\n\n<li >\n\t<a href='?page_no=20427'>Next<\/a>\n\t<\/li>\n\n\n    \n\n<li><a href='?page_no=36619'>Last &rsaquo;&rsaquo;<\/a><\/li>\n\n<\/ul>\n\n\n--><br \/>\n<\/body><\/p>\n","protected":false},"excerpt":{"rendered":"<p>Lausana, Suiza 7 junio.- Ser\u00e1n oficialmente seis candidatos los que busquen suceder a Jacques Rogge como presidente Comit\u00e9 Ol\u00edmpico Internacional. La fecha l\u00edmite del viernes para inscribir candidatos transcurri\u00f3 sin que llegaran nuevas postulaciones. Los seis que ya hab\u00edan declarado su candidatura son: los vicepresidentes del COI Thomas Bach, de Alemania, y Ser Miang Ng, [&hellip;]<\/p>\n","protected":false},"author":3,"featured_media":0,"comment_status":"open","ping_status":"open","sticky":false,"template":"","format":"standard","meta":{"footnotes":""},"categories":[17],"tags":[],"class_list":["post-213316","post","type-post","status-publish","format-standard","hentry","category-deportes"],"_links":{"self":[{"href":"https:\/\/diariodominicano.com\/index.php?rest_route=\/wp\/v2\/posts\/213316","targetHints":{"allow":["GET"]}}],"collection":[{"href":"https:\/\/diariodominicano.com\/index.php?rest_route=\/wp\/v2\/posts"}],"about":[{"href":"https:\/\/diariodominicano.com\/index.php?rest_route=\/wp\/v2\/types\/post"}],"author":[{"embeddable":true,"href":"https:\/\/diariodominicano.com\/index.php?rest_route=\/wp\/v2\/users\/3"}],"replies":[{"embeddable":true,"href":"https:\/\/diariodominicano.com\/index.php?rest_route=%2Fwp%2Fv2%2Fcomments&post=213316"}],"version-history":[{"count":0,"href":"https:\/\/diariodominicano.com\/index.php?rest_route=\/wp\/v2\/posts\/213316\/revisions"}],"wp:attachment":[{"href":"https:\/\/diariodominicano.com\/index.php?rest_route=%2Fwp%2Fv2%2Fmedia&parent=213316"}],"wp:term":[{"taxonomy":"category","embeddable":true,"href":"https:\/\/diariodominicano.com\/index.php?rest_route=%2Fwp%2Fv2%2Fcategories&post=213316"},{"taxonomy":"post_tag","embeddable":true,"href":"https:\/\/diariodominicano.com\/index.php?rest_route=%2Fwp%2Fv2%2Ftags&post=213316"}],"curies":[{"name":"wp","href":"https:\/\/api.w.org\/{rel}","templated":true}]}}