{"id":213305,"date":"2013-06-08T18:21:53","date_gmt":"2013-06-08T18:21:53","guid":{"rendered":"http:\/\/diariodominicano.ddns.net\/?p=213305"},"modified":"2013-06-08T18:21:53","modified_gmt":"2013-06-08T18:21:53","slug":"fedobe-reconoce-a-luis-el-gallo-y-moises-alou","status":"publish","type":"post","link":"https:\/\/diariodominicano.com\/?p=213305","title":{"rendered":"FEDOBE reconoce a Lu\u00eds El Gallo y Moises Alou"},"content":{"rendered":"<p><body><\/p>\n<p><img decoding=\"async\" src=\"img3\/fedobe.JPG\" \/>  <\/p>\n<p><span class=\"text1noticias\">Santo Domingo, RD, 8 de Junio.-El director General de Desarrollo de La Comunidad, Luis Acosta Moreta -Lui\u00eds El Gallo- y el gerente general de Los Leones del Escogido, Mois\u00e9s Alou, forman parte de un grupo de personalidades que fueron homenajeadas por La Federaci\u00f3n Dominicana de B\u00e9isbol, por sus aportes al desarrollo de esa disciplina deportiva.<\/span><\/p>\n<\/p>\n<p><span class=\"text1noticias\">Mois\u00e9s Alou y Luis el Gallo recibieron el reconocimiento durante la apertura del Primer Torneo Nacional de b\u00e9isbol Sub 15 a\u00f1os, que celebra en el Estadio de La Normal La Federaci\u00f3n Dominicana de B\u00e9isbol, con la participaci\u00f3n de ocho equipos en representaci\u00f3n de las diferentes regiones del pa\u00eds.<\/span><\/p>\n<\/p>\n<p><span class=\"text1noticias\">La ceremonia de apertura del evento deportivo tuvo la animaci\u00f3n del Batton Ballet y La Banda de m\u00fasica Interbarrial de La Direcci\u00f3n General de Desarrollo de La Comunidad.<\/span><\/p>\n<\/p>\n<p><span class=\"text1noticias\">El torneo est\u00e1 dedicado a Ram\u00f3n -Monchy- Rodr\u00edguez, administrador general de Los Comedores Econ\u00f3micos del Estado.(HG)<\/span>.<\/p>\n<\/p>\n<h6> 2013-06-08 18:21:53 <\/h6>\n<p><!--\n<link rel=\"stylesheet\" href=\"css\/bootstrap.min.css\">\n\n\n<ul class=\"pagination\">\n\t    \n\t\n\n<li >\n\t<a href='?page_no=20414'>Previous<\/a>\n\t<\/li>\n\n\n       \n    \n\n<li><a href='?page_no=1'>1<\/a><\/li>\n\n\n\n<li><a href='?page_no=2'>2<\/a><\/li>\n\n\n\n<li><a>...<\/a><\/li>\n\n\n\n<li><a href='?page_no=20413'>20413<\/a><\/li>\n\n\n\n<li><a href='?page_no=20414'>20414<\/a><\/li>\n\n\n\n<li class='active'><a>20415<\/a><\/li>\n\n\n\n<li><a href='?page_no=20416'>20416<\/a><\/li>\n\n\n\n<li><a href='?page_no=20417'>20417<\/a><\/li>\n\n\n\n<li><a>...<\/a><\/li>\n\n\n\n<li><a href='?page_no=36618'>36618<\/a><\/li>\n\n\n\n<li><a href='?page_no=36619'>36619<\/a><\/li>\n\n    \n\t\n\n<li >\n\t<a href='?page_no=20416'>Next<\/a>\n\t<\/li>\n\n\n    \n\n<li><a href='?page_no=36619'>Last &rsaquo;&rsaquo;<\/a><\/li>\n\n<\/ul>\n\n\n--><br \/>\n<\/body><\/p>\n","protected":false},"excerpt":{"rendered":"<p>Santo Domingo, RD, 8 de Junio.-El director General de Desarrollo de La Comunidad, Luis Acosta Moreta -Lui\u00eds El Gallo- y el gerente general de Los Leones del Escogido, Mois\u00e9s Alou, forman parte de un grupo de personalidades que fueron homenajeadas por La Federaci\u00f3n Dominicana de B\u00e9isbol, por sus aportes al desarrollo de esa disciplina deportiva. [&hellip;]<\/p>\n","protected":false},"author":3,"featured_media":0,"comment_status":"open","ping_status":"open","sticky":false,"template":"","format":"standard","meta":{"footnotes":""},"categories":[17],"tags":[],"class_list":["post-213305","post","type-post","status-publish","format-standard","hentry","category-deportes"],"_links":{"self":[{"href":"https:\/\/diariodominicano.com\/index.php?rest_route=\/wp\/v2\/posts\/213305","targetHints":{"allow":["GET"]}}],"collection":[{"href":"https:\/\/diariodominicano.com\/index.php?rest_route=\/wp\/v2\/posts"}],"about":[{"href":"https:\/\/diariodominicano.com\/index.php?rest_route=\/wp\/v2\/types\/post"}],"author":[{"embeddable":true,"href":"https:\/\/diariodominicano.com\/index.php?rest_route=\/wp\/v2\/users\/3"}],"replies":[{"embeddable":true,"href":"https:\/\/diariodominicano.com\/index.php?rest_route=%2Fwp%2Fv2%2Fcomments&post=213305"}],"version-history":[{"count":0,"href":"https:\/\/diariodominicano.com\/index.php?rest_route=\/wp\/v2\/posts\/213305\/revisions"}],"wp:attachment":[{"href":"https:\/\/diariodominicano.com\/index.php?rest_route=%2Fwp%2Fv2%2Fmedia&parent=213305"}],"wp:term":[{"taxonomy":"category","embeddable":true,"href":"https:\/\/diariodominicano.com\/index.php?rest_route=%2Fwp%2Fv2%2Fcategories&post=213305"},{"taxonomy":"post_tag","embeddable":true,"href":"https:\/\/diariodominicano.com\/index.php?rest_route=%2Fwp%2Fv2%2Ftags&post=213305"}],"curies":[{"name":"wp","href":"https:\/\/api.w.org\/{rel}","templated":true}]}}