{"id":213296,"date":"2013-06-10T06:06:06","date_gmt":"2013-06-10T06:06:06","guid":{"rendered":"http:\/\/diariodominicano.ddns.net\/?p=213296"},"modified":"2013-06-10T06:06:06","modified_gmt":"2013-06-10T06:06:06","slug":"marcos-diaz-dijo-adios-con-un-nado-de-22-kilometros","status":"publish","type":"post","link":"https:\/\/diariodominicano.com\/?p=213296","title":{"rendered":"Marcos D\u00edaz dijo adi\u00f3s con un nado de 22 kil\u00f3metros"},"content":{"rendered":"<p><body><\/p>\n<p><img decoding=\"async\" src=\"img3\/marquitos 10.jpg\" \/>  <\/p>\n<p>Salinas, Ban\u00ed RD 10 junio.- Marcos D\u00edaz demostr\u00f3 ayer que sus braceos est\u00e1n en su punto m\u00e1s alto, pero que lleg\u00f3 el momento de no seguir peleando contra las olas por lo que decidi\u00f3 decirle adi\u00f3s al nado de ultra distancia.<\/p>\n<\/p>\n<p>Esta despedida no fue triste, ya que cerr\u00f3 su ciclo de atleta con broche de oro y el reconocimiento del soberano.<\/p>\n<\/p>\n<p>D\u00edaz, viceministro de deportes, hizo ayer su \u00faltima traves\u00eda, al arribar a la playa Punta Salinas, luego de haberse lanzado a desafiar el oleaje desde la playa del Palmar de Ocoa.<\/p>\n<\/p>\n<p>\u00abMisi\u00f3n cumplida, me siento excelente, fue como siempre un reto, pero lo cumpl\u00ed\u00bb, dijo D\u00edaz al cumplir con lo pautado.<\/p>\n<\/p>\n<p>El recorrido fue de 22 kil\u00f3metros, y cronometr\u00f3 un tiempo de 3 horas, 31 minutos. El nadador se lanz\u00f3 a las 12:27 del mediod\u00eda.<\/p>\n<\/p>\n<p>Como es ya una tradici\u00f3n, cientos de personas esperaron al \u00abpejecito\u00bb a su llegada. Sin mostrar cansancio, se cumpli\u00f3 luego la rutina de lugar, una minuciosa evaluaci\u00f3n m\u00e9dica.<\/p>\n<\/p>\n<p>En la playa estaban presentes el ministro de Deportes, Jaime David Fern\u00e1ndez Mirabal y el senador Wilton Guerrero.<\/p>\n<\/p>\n<\/p>\n<h6> 2013-06-10 06:06:06 <\/h6>\n<p><!--\n<link rel=\"stylesheet\" href=\"css\/bootstrap.min.css\">\n\n\n<ul class=\"pagination\">\n\t    \n\t\n\n<li >\n\t<a href='?page_no=20405'>Previous<\/a>\n\t<\/li>\n\n\n       \n    \n\n<li><a href='?page_no=1'>1<\/a><\/li>\n\n\n\n<li><a href='?page_no=2'>2<\/a><\/li>\n\n\n\n<li><a>...<\/a><\/li>\n\n\n\n<li><a href='?page_no=20404'>20404<\/a><\/li>\n\n\n\n<li><a href='?page_no=20405'>20405<\/a><\/li>\n\n\n\n<li class='active'><a>20406<\/a><\/li>\n\n\n\n<li><a href='?page_no=20407'>20407<\/a><\/li>\n\n\n\n<li><a href='?page_no=20408'>20408<\/a><\/li>\n\n\n\n<li><a>...<\/a><\/li>\n\n\n\n<li><a href='?page_no=36618'>36618<\/a><\/li>\n\n\n\n<li><a href='?page_no=36619'>36619<\/a><\/li>\n\n    \n\t\n\n<li >\n\t<a href='?page_no=20407'>Next<\/a>\n\t<\/li>\n\n\n    \n\n<li><a href='?page_no=36619'>Last &rsaquo;&rsaquo;<\/a><\/li>\n\n<\/ul>\n\n\n--><br \/>\n<\/body><\/p>\n","protected":false},"excerpt":{"rendered":"<p>Salinas, Ban\u00ed RD 10 junio.- Marcos D\u00edaz demostr\u00f3 ayer que sus braceos est\u00e1n en su punto m\u00e1s alto, pero que lleg\u00f3 el momento de no seguir peleando contra las olas por lo que decidi\u00f3 decirle adi\u00f3s al nado de ultra distancia. Esta despedida no fue triste, ya que cerr\u00f3 su ciclo de atleta con broche [&hellip;]<\/p>\n","protected":false},"author":3,"featured_media":0,"comment_status":"open","ping_status":"open","sticky":false,"template":"","format":"standard","meta":{"footnotes":""},"categories":[17],"tags":[],"class_list":["post-213296","post","type-post","status-publish","format-standard","hentry","category-deportes"],"_links":{"self":[{"href":"https:\/\/diariodominicano.com\/index.php?rest_route=\/wp\/v2\/posts\/213296","targetHints":{"allow":["GET"]}}],"collection":[{"href":"https:\/\/diariodominicano.com\/index.php?rest_route=\/wp\/v2\/posts"}],"about":[{"href":"https:\/\/diariodominicano.com\/index.php?rest_route=\/wp\/v2\/types\/post"}],"author":[{"embeddable":true,"href":"https:\/\/diariodominicano.com\/index.php?rest_route=\/wp\/v2\/users\/3"}],"replies":[{"embeddable":true,"href":"https:\/\/diariodominicano.com\/index.php?rest_route=%2Fwp%2Fv2%2Fcomments&post=213296"}],"version-history":[{"count":0,"href":"https:\/\/diariodominicano.com\/index.php?rest_route=\/wp\/v2\/posts\/213296\/revisions"}],"wp:attachment":[{"href":"https:\/\/diariodominicano.com\/index.php?rest_route=%2Fwp%2Fv2%2Fmedia&parent=213296"}],"wp:term":[{"taxonomy":"category","embeddable":true,"href":"https:\/\/diariodominicano.com\/index.php?rest_route=%2Fwp%2Fv2%2Fcategories&post=213296"},{"taxonomy":"post_tag","embeddable":true,"href":"https:\/\/diariodominicano.com\/index.php?rest_route=%2Fwp%2Fv2%2Ftags&post=213296"}],"curies":[{"name":"wp","href":"https:\/\/api.w.org\/{rel}","templated":true}]}}