{"id":213293,"date":"2013-06-10T13:40:19","date_gmt":"2013-06-10T13:40:19","guid":{"rendered":"http:\/\/diariodominicano.ddns.net\/?p=213293"},"modified":"2013-06-10T13:40:19","modified_gmt":"2013-06-10T13:40:19","slug":"rd-busca-el-oro-de-la-copa-panamericana-competira-en-el-grupo-c","status":"publish","type":"post","link":"https:\/\/diariodominicano.com\/?p=213293","title":{"rendered":"RD busca el oro de la Copa Panamericana; competir\u00e1 en el grupo C"},"content":{"rendered":"<p><body><\/p>\n<p><img decoding=\"async\" src=\"img3\/voli 10.jpg\" \/>  <\/p>\n<p>Santo Domingo RD 10 junio.- Mientras la Rep\u00fablica Dominicana se preparara para comenzar su participaci\u00f3n en la XII Copa Panamericana, sin dos de sus m\u00e1s importantes jugadoras, la direcci\u00f3n del equipo se plantea sus objetivos.  <\/p>\n<\/p>\n<p>Esta noche, Brasil jugar\u00e1 a las 8:00 p.m. contra Rep\u00fablica Dominicana en lo que ser\u00e1 el primero de tres encuentros de ronda de grupos para ambas representaciones. El torneo ser\u00e1 del 10 al 16 de junio.  Los siguientes partidos se jugar\u00e1n a las 6:00 p.m., hora dominicana y ser\u00e1n ma\u00f1ana ante Colombia y luego, el d\u00eda 12, cerrar\u00e1 contra M\u00e9xico. Un total de 12 equipos estar\u00e1n divididos en tres grupos. <\/p>\n<\/p>\n<p>La selecci\u00f3n dominicana no contar\u00e1 para esos partidos con su jugadora m\u00e1s universal, Lisvel Eve Mej\u00eda, quien estar\u00e1 fuera de competencia durante el a\u00f1o por problemas de lesi\u00f3n, ni tampoco con la que muchos consideran la mejor libero del mundo, Brenda Castillo, separada del equipo nacional por un a\u00f1o, por razones de indisciplina.<\/p>\n<\/p>\n<p><strong>Clasificaci\u00f3n y meta<\/strong><\/p>\n<\/p>\n<p>En el torneo participar\u00e1n los cuatro mejores equipos de la regi\u00f3n (confederaci\u00f3n) Norte Centroamericana y del Caribe (Norceca) y los dos mejores equipos de la regi\u00f3n (confederaci\u00f3n) de Sudam\u00e9rica clasificar\u00e1n para el Gran Premio Mundial FIVB de 2014.<\/p>\n<\/p>\n<p>La Rep\u00fablica Dominicana gan\u00f3 el oro en el 2008 y en el 2010. En el 2009 y en 2012 fue subcampe\u00f3n y ha alcanzado bronce en el 2004, 2006 y 2007. El a\u00f1o pasado quedaron fuera del podio con un cuarto lugar, una historia que l\u00f3gicamente quieren variar.<\/p>\n<\/p>\n<p>\u00abCuatro equipos, de la regi\u00f3n Norceca, van al Premio Munidal de 2014\u00bb, dijo el director de selecciones nacionales femeninas, Crist\u00f3bal Marte. \u00abEse objetivo es seguro\u00bb para ser alcanzado, sostiene. \u00abLa meta es ganar el primer lugar. De los 11 torneos lo hemos ganados dos veces y esta vez as\u00ed ser\u00e1\u00bb.<\/p>\n<p><strong> <\/strong><\/p>\n<p><strong>Selecci\u00f3n quisqueyana estar\u00e1 en el Grupo C<\/strong><\/p>\n<\/p>\n<p>El Grupo A, que competir\u00e1 en la Provincia Constitucional del Callao, lo integran Argentina, Puerto Rico, Trinidad y Tobago y Estados Unidos. En la ciudad de Iquitos est\u00e1n agrupadas las selecciones de Canad\u00e1, Costa Rica, Cuba y Per\u00fa en el Grupo B  y el Grupo C en el que est\u00e1 la Rep\u00fablica Dominicana chocar\u00e1n Brasil, Colombia y M\u00e9xico, en Huacho.<\/p>\n<\/p>\n<h6> 2013-06-10 13:40:19 <\/h6>\n<p><!--\n<link rel=\"stylesheet\" href=\"css\/bootstrap.min.css\">\n\n\n<ul class=\"pagination\">\n\t    \n\t\n\n<li >\n\t<a href='?page_no=20402'>Previous<\/a>\n\t<\/li>\n\n\n       \n    \n\n<li><a href='?page_no=1'>1<\/a><\/li>\n\n\n\n<li><a href='?page_no=2'>2<\/a><\/li>\n\n\n\n<li><a>...<\/a><\/li>\n\n\n\n<li><a href='?page_no=20401'>20401<\/a><\/li>\n\n\n\n<li><a href='?page_no=20402'>20402<\/a><\/li>\n\n\n\n<li class='active'><a>20403<\/a><\/li>\n\n\n\n<li><a href='?page_no=20404'>20404<\/a><\/li>\n\n\n\n<li><a href='?page_no=20405'>20405<\/a><\/li>\n\n\n\n<li><a>...<\/a><\/li>\n\n\n\n<li><a href='?page_no=36618'>36618<\/a><\/li>\n\n\n\n<li><a href='?page_no=36619'>36619<\/a><\/li>\n\n    \n\t\n\n<li >\n\t<a href='?page_no=20404'>Next<\/a>\n\t<\/li>\n\n\n    \n\n<li><a href='?page_no=36619'>Last &rsaquo;&rsaquo;<\/a><\/li>\n\n<\/ul>\n\n\n--><br \/>\n<\/body><\/p>\n","protected":false},"excerpt":{"rendered":"<p>Santo Domingo RD 10 junio.- Mientras la Rep\u00fablica Dominicana se preparara para comenzar su participaci\u00f3n en la XII Copa Panamericana, sin dos de sus m\u00e1s importantes jugadoras, la direcci\u00f3n del equipo se plantea sus objetivos. Esta noche, Brasil jugar\u00e1 a las 8:00 p.m. contra Rep\u00fablica Dominicana en lo que ser\u00e1 el primero de tres encuentros [&hellip;]<\/p>\n","protected":false},"author":3,"featured_media":0,"comment_status":"open","ping_status":"open","sticky":false,"template":"","format":"standard","meta":{"footnotes":""},"categories":[17],"tags":[],"class_list":["post-213293","post","type-post","status-publish","format-standard","hentry","category-deportes"],"_links":{"self":[{"href":"https:\/\/diariodominicano.com\/index.php?rest_route=\/wp\/v2\/posts\/213293","targetHints":{"allow":["GET"]}}],"collection":[{"href":"https:\/\/diariodominicano.com\/index.php?rest_route=\/wp\/v2\/posts"}],"about":[{"href":"https:\/\/diariodominicano.com\/index.php?rest_route=\/wp\/v2\/types\/post"}],"author":[{"embeddable":true,"href":"https:\/\/diariodominicano.com\/index.php?rest_route=\/wp\/v2\/users\/3"}],"replies":[{"embeddable":true,"href":"https:\/\/diariodominicano.com\/index.php?rest_route=%2Fwp%2Fv2%2Fcomments&post=213293"}],"version-history":[{"count":0,"href":"https:\/\/diariodominicano.com\/index.php?rest_route=\/wp\/v2\/posts\/213293\/revisions"}],"wp:attachment":[{"href":"https:\/\/diariodominicano.com\/index.php?rest_route=%2Fwp%2Fv2%2Fmedia&parent=213293"}],"wp:term":[{"taxonomy":"category","embeddable":true,"href":"https:\/\/diariodominicano.com\/index.php?rest_route=%2Fwp%2Fv2%2Fcategories&post=213293"},{"taxonomy":"post_tag","embeddable":true,"href":"https:\/\/diariodominicano.com\/index.php?rest_route=%2Fwp%2Fv2%2Ftags&post=213293"}],"curies":[{"name":"wp","href":"https:\/\/api.w.org\/{rel}","templated":true}]}}