{"id":213291,"date":"2013-06-10T19:51:32","date_gmt":"2013-06-10T19:51:32","guid":{"rendered":"http:\/\/diariodominicano.ddns.net\/?p=213291"},"modified":"2013-06-10T19:51:32","modified_gmt":"2013-06-10T19:51:32","slug":"dominicano-campeon-del-caribe-en-vela","status":"publish","type":"post","link":"https:\/\/diariodominicano.com\/?p=213291","title":{"rendered":"Dominicano Campe\u00f3n del Caribe en Vela"},"content":{"rendered":"<p><body><\/p>\n<p><img decoding=\"async\" src=\"img3\/Vela.JPG\" \/>  <\/p>\n<p><span class=\"text1noticias\">Santo Domingo, RD, 10 de Junio.-25 navegantes de todo el Caribe competieron por el t\u00edtulo del Caribe, en San Mart\u00edn<\/span><\/p>\n<\/p>\n<p><span class=\"text1noticias\">En total hicieron 9 pruebas. Tres en viento liviano, tres en viento mediano y tres en viento fuertes de 20 nudos y olas grandes; coron\u00e1ndose en primer lugar el dominicano Ari Barshi.<\/span><\/p>\n<\/p>\n<p><span class=\"text1noticias\">Barshi que practica normalmente en Cabarete, logr\u00f3 pasar a Kevin Van Otterdijk de Cura\u00e7ao, en el \u00faltimo metro de la \u00faltima prueba que duro 45 minutos, convirti\u00e9ndose en el campe\u00f3n de la tarde. En tercer lugar lleg\u00f3 Benoit Meesemaecker de San Bartolo.<\/span><\/p>\n<\/p>\n<p><span class=\"text1noticias\">Ari Barshi est\u00e1 patrocinado por la Federaci\u00f3n Dominicana de Vela, la tienda Carib Wind Cabarete y la marca Dakine.(HG)<\/span>.<\/p>\n<\/p>\n<h6> 2013-06-10 19:51:32 <\/h6>\n<p><!--\n<link rel=\"stylesheet\" href=\"css\/bootstrap.min.css\">\n\n\n<ul class=\"pagination\">\n\t    \n\t\n\n<li >\n\t<a href='?page_no=20400'>Previous<\/a>\n\t<\/li>\n\n\n       \n    \n\n<li><a href='?page_no=1'>1<\/a><\/li>\n\n\n\n<li><a href='?page_no=2'>2<\/a><\/li>\n\n\n\n<li><a>...<\/a><\/li>\n\n\n\n<li><a href='?page_no=20399'>20399<\/a><\/li>\n\n\n\n<li><a href='?page_no=20400'>20400<\/a><\/li>\n\n\n\n<li class='active'><a>20401<\/a><\/li>\n\n\n\n<li><a href='?page_no=20402'>20402<\/a><\/li>\n\n\n\n<li><a href='?page_no=20403'>20403<\/a><\/li>\n\n\n\n<li><a>...<\/a><\/li>\n\n\n\n<li><a href='?page_no=36618'>36618<\/a><\/li>\n\n\n\n<li><a href='?page_no=36619'>36619<\/a><\/li>\n\n    \n\t\n\n<li >\n\t<a href='?page_no=20402'>Next<\/a>\n\t<\/li>\n\n\n    \n\n<li><a href='?page_no=36619'>Last &rsaquo;&rsaquo;<\/a><\/li>\n\n<\/ul>\n\n\n--><br \/>\n<\/body><\/p>\n","protected":false},"excerpt":{"rendered":"<p>Santo Domingo, RD, 10 de Junio.-25 navegantes de todo el Caribe competieron por el t\u00edtulo del Caribe, en San Mart\u00edn En total hicieron 9 pruebas. Tres en viento liviano, tres en viento mediano y tres en viento fuertes de 20 nudos y olas grandes; coron\u00e1ndose en primer lugar el dominicano Ari Barshi. Barshi que practica [&hellip;]<\/p>\n","protected":false},"author":3,"featured_media":0,"comment_status":"open","ping_status":"open","sticky":false,"template":"","format":"standard","meta":{"footnotes":""},"categories":[17],"tags":[],"class_list":["post-213291","post","type-post","status-publish","format-standard","hentry","category-deportes"],"_links":{"self":[{"href":"https:\/\/diariodominicano.com\/index.php?rest_route=\/wp\/v2\/posts\/213291","targetHints":{"allow":["GET"]}}],"collection":[{"href":"https:\/\/diariodominicano.com\/index.php?rest_route=\/wp\/v2\/posts"}],"about":[{"href":"https:\/\/diariodominicano.com\/index.php?rest_route=\/wp\/v2\/types\/post"}],"author":[{"embeddable":true,"href":"https:\/\/diariodominicano.com\/index.php?rest_route=\/wp\/v2\/users\/3"}],"replies":[{"embeddable":true,"href":"https:\/\/diariodominicano.com\/index.php?rest_route=%2Fwp%2Fv2%2Fcomments&post=213291"}],"version-history":[{"count":0,"href":"https:\/\/diariodominicano.com\/index.php?rest_route=\/wp\/v2\/posts\/213291\/revisions"}],"wp:attachment":[{"href":"https:\/\/diariodominicano.com\/index.php?rest_route=%2Fwp%2Fv2%2Fmedia&parent=213291"}],"wp:term":[{"taxonomy":"category","embeddable":true,"href":"https:\/\/diariodominicano.com\/index.php?rest_route=%2Fwp%2Fv2%2Fcategories&post=213291"},{"taxonomy":"post_tag","embeddable":true,"href":"https:\/\/diariodominicano.com\/index.php?rest_route=%2Fwp%2Fv2%2Ftags&post=213291"}],"curies":[{"name":"wp","href":"https:\/\/api.w.org\/{rel}","templated":true}]}}