{"id":213290,"date":"2013-06-10T20:21:34","date_gmt":"2013-06-10T20:21:34","guid":{"rendered":"http:\/\/diariodominicano.ddns.net\/?p=213290"},"modified":"2013-06-10T20:21:34","modified_gmt":"2013-06-10T20:21:34","slug":"reunion-miles-de-familias-en-el-jardin-botanico","status":"publish","type":"post","link":"https:\/\/diariodominicano.com\/?p=213290","title":{"rendered":"&#13;Reuni\u00f3n miles de familias en el Jard\u00edn Bot\u00e1nico"},"content":{"rendered":"<p><body><\/p>\n<p><img decoding=\"async\" src=\"http:\/\/localhost:8080\/img3\/caminata.JPG\" \/>  <\/p>\n<p><span class=\"text1noticias\">Santo Domingo, RD, 10 de Junio.-La segunda caminata de 10 y 5 K de \u00abGan\u00e9mosle la Carrera a la Diabetes, de la fundaci\u00f3n Aprendiendo a Vivir, se constituy\u00f3 en la cita de la familia, instando a los dominicanos a ejercitarse, llevar una vida activa, hacer deportes, como principal herramientas para evitar esta enfermedad.<\/span><\/p>\n<\/p>\n<p><span class=\"text1noticias\">As\u00ed se expreso el ingeniero Jos\u00e9 Antonio L\u00f3pez, presidente ? creador de la fundaci\u00f3n Pro-Ayuda a la Educaci\u00f3n de Diab\u00e9ticos Aprendiendo a Vivir, entidad que inici\u00f3 en el 2003.<\/span><\/p>\n<\/p>\n<p><span class=\"text1noticias\">Los amantes de los ejercicios, en un ambiente saludable, hicieron los dos tramos a los interno del Jard\u00edn Bot\u00e1nico Nacional, doctor Rafael Mar\u00eda Moscoso, instituci\u00f3n perteneciente al Ministerio de Medio Ambiente.<\/span><\/p>\n<\/p>\n<p><span class=\"text1noticias\">La concurrencia hizo ejercicio de zumba por parte del Body Shop, los ni\u00f1os tuvieron a\u00e9reas de esparcimiento, recreaci\u00f3n, pintura y degustaci\u00f3n de productos para los que sufren diabetes.<\/span><\/p>\n<\/p>\n<p><span class=\"text1noticias\">La figura atl\u00e9tica del marat\u00f3n fue Luguel\u00edn Santos, quien vino de Puerto Rico, a compartir con los caminadores, en la salida, tom\u00e1ndose fotos, firmando aut\u00f3grafos y en la llega a la meta entregando medallas.<\/span><\/p>\n<\/p>\n<p><span class=\"text1noticias\">Santos, el \u00abAtleta del Pueblo\u00bb, medallista de los juegos Ol\u00edmpicos y de la Juventud, figura mercadol\u00f3gica de leche Milex, del Grupo Mej\u00eda Alcal\u00e1, estuvo acompa\u00f1ado de Randolph Luna, gerente de mercadeo de la referida empresa.<\/span><\/p>\n<\/p>\n<p><span class=\"text1noticias\">El evento cont\u00f3 con los directores, general y de carreras Ra\u00fal Santaella y Carlo Graciano, respectivamente.<\/span><\/p>\n<\/p>\n<p><span class=\"text1noticias\">Esa enfermedad afecta a un 10% de la poblaci\u00f3n y un 15% vive con niveles de glicemia por encima de los rangos normales, seg\u00fan L\u00f3pez, quien asegur\u00f3 que el caminar y llevar una rutina de ejercicios contribuyen a evitar y controlar la referida enfermedad.<\/span><\/p>\n<\/p>\n<p><span class=\"text1noticias\">Detall\u00f3 que el evento cont\u00f3 con el apoyo de la Sociedad Dominicana de Endocrinolog\u00eda y  de Diabet\u00f3logos, quienes ofrecieron orientaciones sobre el malestar.<\/span><\/p>\n<\/p>\n<p><span class=\"text1noticias\">Durante la caminata hubo adem\u00e1s, variados servicios m\u00e9dicos, entre los que figuraron la medici\u00f3n de toma de los niveles de glucosa, con sofisticados equipos por parte Johnson &amp; Johnson.<\/span><\/p>\n<\/p>\n<p><span class=\"text1noticias\">Tambi\u00e9n, a trav\u00e9s de la Estaci\u00f3n de Vida Quaker, se ofrecieron chequeos m\u00e9dicos generales en que se les indic\u00f3 a los pacientes sus condiciones f\u00edsicas y las prioridades para estar en forma, s\u00ed  requer\u00eda bajar o aumentar de peso, hacerse un hemograma o demandaba una dieta m\u00e1s balanceada.<\/span><\/p>\n<\/p>\n<p><span class=\"text1noticias\">En la actividad, adem\u00e1s de obsequiarse diversos productos relacionados con la diabetes, tambi\u00e9n se exhibieron art\u00edculos que ayudan a mejorar la calidad de vida de las personas que padecen de la enfermedad.(HG)<\/span>.<\/p>\n<h6> 2013-06-10 20:21:34 <\/h6>\n<p><!--\n<link rel=\"stylesheet\" href=\"css\/bootstrap.min.css\">\n\n\n<ul class=\"pagination\">\n\t    \n\t\n\n<li >\n\t<a href='?page_no=20399'>Previous<\/a>\n\t<\/li>\n\n\n       \n    \n\n<li><a href='?page_no=1'>1<\/a><\/li>\n\n\n\n<li><a href='?page_no=2'>2<\/a><\/li>\n\n\n\n<li><a>...<\/a><\/li>\n\n\n\n<li><a href='?page_no=20398'>20398<\/a><\/li>\n\n\n\n<li><a href='?page_no=20399'>20399<\/a><\/li>\n\n\n\n<li class='active'><a>20400<\/a><\/li>\n\n\n\n<li><a href='?page_no=20401'>20401<\/a><\/li>\n\n\n\n<li><a href='?page_no=20402'>20402<\/a><\/li>\n\n\n\n<li><a>...<\/a><\/li>\n\n\n\n<li><a href='?page_no=36618'>36618<\/a><\/li>\n\n\n\n<li><a href='?page_no=36619'>36619<\/a><\/li>\n\n    \n\t\n\n<li >\n\t<a href='?page_no=20401'>Next<\/a>\n\t<\/li>\n\n\n    \n\n<li><a href='?page_no=36619'>Last &rsaquo;&rsaquo;<\/a><\/li>\n\n<\/ul>\n\n\n--><br \/>\n<\/body><\/p>\n","protected":false},"excerpt":{"rendered":"<p>Santo Domingo, RD, 10 de Junio.-La segunda caminata de 10 y 5 K de \u00abGan\u00e9mosle la Carrera a la Diabetes, de la fundaci\u00f3n Aprendiendo a Vivir, se constituy\u00f3 en la cita de la familia, instando a los dominicanos a ejercitarse, llevar una vida activa, hacer deportes, como principal herramientas para evitar esta enfermedad. As\u00ed se [&hellip;]<\/p>\n","protected":false},"author":3,"featured_media":0,"comment_status":"open","ping_status":"open","sticky":false,"template":"","format":"standard","meta":{"footnotes":""},"categories":[17],"tags":[],"class_list":["post-213290","post","type-post","status-publish","format-standard","hentry","category-deportes"],"_links":{"self":[{"href":"https:\/\/diariodominicano.com\/index.php?rest_route=\/wp\/v2\/posts\/213290","targetHints":{"allow":["GET"]}}],"collection":[{"href":"https:\/\/diariodominicano.com\/index.php?rest_route=\/wp\/v2\/posts"}],"about":[{"href":"https:\/\/diariodominicano.com\/index.php?rest_route=\/wp\/v2\/types\/post"}],"author":[{"embeddable":true,"href":"https:\/\/diariodominicano.com\/index.php?rest_route=\/wp\/v2\/users\/3"}],"replies":[{"embeddable":true,"href":"https:\/\/diariodominicano.com\/index.php?rest_route=%2Fwp%2Fv2%2Fcomments&post=213290"}],"version-history":[{"count":0,"href":"https:\/\/diariodominicano.com\/index.php?rest_route=\/wp\/v2\/posts\/213290\/revisions"}],"wp:attachment":[{"href":"https:\/\/diariodominicano.com\/index.php?rest_route=%2Fwp%2Fv2%2Fmedia&parent=213290"}],"wp:term":[{"taxonomy":"category","embeddable":true,"href":"https:\/\/diariodominicano.com\/index.php?rest_route=%2Fwp%2Fv2%2Fcategories&post=213290"},{"taxonomy":"post_tag","embeddable":true,"href":"https:\/\/diariodominicano.com\/index.php?rest_route=%2Fwp%2Fv2%2Ftags&post=213290"}],"curies":[{"name":"wp","href":"https:\/\/api.w.org\/{rel}","templated":true}]}}