{"id":213274,"date":"2013-06-11T22:06:47","date_gmt":"2013-06-11T22:06:47","guid":{"rendered":"http:\/\/diariodominicano.ddns.net\/?p=213274"},"modified":"2013-06-11T22:06:47","modified_gmt":"2013-06-11T22:06:47","slug":"cuba-regresara-a-la-serie-del-caribe-de-beisbol-en-el-2014","status":"publish","type":"post","link":"https:\/\/diariodominicano.com\/?p=213274","title":{"rendered":"&#13;Cuba regresar\u00e1 a la Serie del Caribe de b\u00e9isbol en el 2014&#13;"},"content":{"rendered":"<p><body><\/p>\n<p><img decoding=\"async\" src=\"img3\/puello.jpg\" \/>  <\/p>\n<p><span class=\"text1noticias\">La Habana, 11 jun (PL) Cuba regresar\u00e1 a la Serie del Caribe de b\u00e9isbol el a\u00f1o pr\u00f3ximo, a disputarse en Isla Margarita, Venezuela, anunci\u00f3 el director nacional de la disciplina, Higinio V\u00e9lez.<\/span><\/p>\n<\/p>\n<p><span class=\"text1noticias\">La informaci\u00f3n fue brindada por V\u00e9lez, junto al comisionado de la Confederaci\u00f3n de B\u00e9isbol Profesional del Caribe, el dominicano Juan Francisco Puello, en conferencia de prensa celebrada en el Hotel Nacional de Cuba, de esta capital, report\u00f3 hoy el sitio digital Cubadebate.<\/span><\/p>\n<\/p>\n<p><span class=\"text1noticias\">La isla, sede del primer torneo tras su creaci\u00f3n en 1949, gan\u00f3 siete ediciones de la Serie antes de retirarse en 1961.<\/span><\/p>\n<\/p>\n<p><span class=\"text1noticias\">Cuba entra por la puerta grande, entra pagando, no le estamos dando una d\u00e1diva, afirm\u00f3 Puello tras resaltar lo emocionante que resulta el regreso \u00aba lo que siempre fue su casa\u00bb.<\/span><\/p>\n<\/p>\n<p><span class=\"text1noticias\">El directivo record\u00f3 que los v\u00ednculos que unen a Cuba con la Serie del Caribe trascienden lo deportivo y son hist\u00f3ricos, y ahora el pa\u00eds tendr\u00e1 nuevamente \u00abvoz y voto\u00bb y una participaci\u00f3n \u00abactiva\u00bb en la Confederaci\u00f3n.<\/span><\/p>\n<\/p>\n<p><span class=\"text1noticias\">Puello precis\u00f3 que el organismo que el preside modific\u00f3 la suma de dinero que establec\u00edan sus reglamentos con tal de que Cuba y tambi\u00e9n otros pa\u00edses puedan entrar a la Serie.<\/span><\/p>\n<\/p>\n<p><span class=\"text1noticias\">\u00abEntend\u00edamos que era una suma muy elevada y se baj\u00f3 sustancialmente\u00bb, apunt\u00f3.<\/span><\/p>\n<\/p>\n<p><span class=\"text1noticias\">Por su parte, V\u00e9lez aclar\u00f3 que Cuba a\u00fan no tiene patrocinadores y que el suyo ser\u00e1 el Gobierno cubano, y se\u00f1al\u00f3 que el regreso a la Serie del Caribe forma parte de la estrategia de desarrollo del b\u00e9isbol en la isla.<\/span><\/p>\n<\/p>\n<p><span class=\"text1noticias\">El equipo que gane la actual Serie Nacional de B\u00e9isbol, cuyo t\u00edtulo disputar\u00e1n a partir de hoy Matanzas y Villa Clara, representar\u00e1 a Cuba en la edici\u00f3n 56 de la Serie del Caribe, que tendr\u00e1 sede en Isla Margarita en febrero de 2014.<\/span><\/p>\n<\/p>\n<p><span class=\"text1noticias\">Este torneo enfrenta todos los a\u00f1os a los campeones de Liga de los pa\u00edses que conforman la Confederaci\u00f3n de B\u00e9isbol Profesional del Caribe: Rep\u00fablica Dominicana, Puerto Rico, Venezuela y M\u00e9xico.<\/span><\/p>\n<\/p>\n<p><span class=\"text1noticias\">Cuba particip\u00f3 en la Serie del Caribe desde 1949 hasta 1960 y gan\u00f3 siete de las 12 ediciones con Almendares (1949 y 1959), Habana (1952), Cienfuegos (1956 y 1960) y Marianao (1957 y 1958).<\/span><\/p>\n<\/p>\n<p><span class=\"text1noticias\">Los Yaquis de Ciudad Obreg\u00f3n, M\u00e9xico, vencedores de la \u00faltima Serie que tuvo por sede a la ciudad mexicana de Hermosillo, del 1 al 7 de febrero del 2013.(HG)<\/span>.<\/p>\n<\/p>\n<h6> 2013-06-11 22:06:47 <\/h6>\n<p><!--\n<link rel=\"stylesheet\" href=\"css\/bootstrap.min.css\">\n\n\n<ul class=\"pagination\">\n\t    \n\t\n\n<li >\n\t<a href='?page_no=20383'>Previous<\/a>\n\t<\/li>\n\n\n       \n    \n\n<li><a href='?page_no=1'>1<\/a><\/li>\n\n\n\n<li><a href='?page_no=2'>2<\/a><\/li>\n\n\n\n<li><a>...<\/a><\/li>\n\n\n\n<li><a href='?page_no=20382'>20382<\/a><\/li>\n\n\n\n<li><a href='?page_no=20383'>20383<\/a><\/li>\n\n\n\n<li class='active'><a>20384<\/a><\/li>\n\n\n\n<li><a href='?page_no=20385'>20385<\/a><\/li>\n\n\n\n<li><a href='?page_no=20386'>20386<\/a><\/li>\n\n\n\n<li><a>...<\/a><\/li>\n\n\n\n<li><a href='?page_no=36618'>36618<\/a><\/li>\n\n\n\n<li><a href='?page_no=36619'>36619<\/a><\/li>\n\n    \n\t\n\n<li >\n\t<a href='?page_no=20385'>Next<\/a>\n\t<\/li>\n\n\n    \n\n<li><a href='?page_no=36619'>Last &rsaquo;&rsaquo;<\/a><\/li>\n\n<\/ul>\n\n\n--><br \/>\n<\/body><\/p>\n","protected":false},"excerpt":{"rendered":"<p>La Habana, 11 jun (PL) Cuba regresar\u00e1 a la Serie del Caribe de b\u00e9isbol el a\u00f1o pr\u00f3ximo, a disputarse en Isla Margarita, Venezuela, anunci\u00f3 el director nacional de la disciplina, Higinio V\u00e9lez. La informaci\u00f3n fue brindada por V\u00e9lez, junto al comisionado de la Confederaci\u00f3n de B\u00e9isbol Profesional del Caribe, el dominicano Juan Francisco Puello, en [&hellip;]<\/p>\n","protected":false},"author":3,"featured_media":0,"comment_status":"open","ping_status":"open","sticky":false,"template":"","format":"standard","meta":{"footnotes":""},"categories":[17],"tags":[],"class_list":["post-213274","post","type-post","status-publish","format-standard","hentry","category-deportes"],"_links":{"self":[{"href":"https:\/\/diariodominicano.com\/index.php?rest_route=\/wp\/v2\/posts\/213274","targetHints":{"allow":["GET"]}}],"collection":[{"href":"https:\/\/diariodominicano.com\/index.php?rest_route=\/wp\/v2\/posts"}],"about":[{"href":"https:\/\/diariodominicano.com\/index.php?rest_route=\/wp\/v2\/types\/post"}],"author":[{"embeddable":true,"href":"https:\/\/diariodominicano.com\/index.php?rest_route=\/wp\/v2\/users\/3"}],"replies":[{"embeddable":true,"href":"https:\/\/diariodominicano.com\/index.php?rest_route=%2Fwp%2Fv2%2Fcomments&post=213274"}],"version-history":[{"count":0,"href":"https:\/\/diariodominicano.com\/index.php?rest_route=\/wp\/v2\/posts\/213274\/revisions"}],"wp:attachment":[{"href":"https:\/\/diariodominicano.com\/index.php?rest_route=%2Fwp%2Fv2%2Fmedia&parent=213274"}],"wp:term":[{"taxonomy":"category","embeddable":true,"href":"https:\/\/diariodominicano.com\/index.php?rest_route=%2Fwp%2Fv2%2Fcategories&post=213274"},{"taxonomy":"post_tag","embeddable":true,"href":"https:\/\/diariodominicano.com\/index.php?rest_route=%2Fwp%2Fv2%2Ftags&post=213274"}],"curies":[{"name":"wp","href":"https:\/\/api.w.org\/{rel}","templated":true}]}}