{"id":213273,"date":"2013-06-11T22:42:19","date_gmt":"2013-06-11T22:42:19","guid":{"rendered":"http:\/\/diariodominicano.ddns.net\/?p=213273"},"modified":"2013-06-11T22:42:19","modified_gmt":"2013-06-11T22:42:19","slug":"cod-deja-sus-huellas-en-jornada-reforestacion-sfm","status":"publish","type":"post","link":"https:\/\/diariodominicano.com\/?p=213273","title":{"rendered":"COD deja sus huellas en jornada reforestaci\u00f3n SFM"},"content":{"rendered":"<p><body><\/p>\n<p><img decoding=\"async\" src=\"img3\/Forestacion.JPG\" \/>  <\/p>\n<p><span class=\"text1noticias\">San Francisco de Macor\u00eds, RD, 11 de Junio.-Las transitadas avenidas Caonabo y Hermanas Mirabal de esta ciudad muestran un panorama distinto al de hace dos a\u00f1os atr\u00e1s despu\u00e9s de la jornada de reforestaci\u00f3n que llev\u00f3 a cabo el Comit\u00e9 Ol\u00edmpico Dominicano (COD).<\/span><\/p>\n<\/p>\n<p><span class=\"text1noticias\">En aquella ocasi\u00f3n, justo el 23 de junio de 2011, la jornada de reforestaci\u00f3n de las referidas v\u00edas form\u00f3 parte de la Caminata Ol\u00edmpica que llev\u00f3 a cabo el COD en la provincia Duarte.<\/span><\/p>\n<\/p>\n<p><span class=\"text1noticias\">Varios sectores de San Francisco de Macor\u00eds dieron seguimiento a los m\u00e1s de 400 \u00e1rboles de diferentes estilos fueron sembrados en las aceras de las avenidas Caonabo y Hermanas Mirabal, los cuales han respondido efectivamente al cuidad.<\/span><\/p>\n<\/p>\n<p><span class=\"text1noticias\">Desde caoba hasta palmas areca y manila adornan con sus tama\u00f1os y resplandeciente verdor las citadas v\u00edas de San Francisco de Macor\u00eds.<\/span><\/p>\n<\/p>\n<p><span class=\"text1noticias\">\u00abEsta jornada de reforestaci\u00f3n la necesitaba la ciudad (San Francisco de Macor\u00eds). Le hemos dado seguimiento y continuaremos las labores de reforestaci\u00f3n en otras v\u00edas??, sostuvo William Hern\u00e1ndez, presidente de la Uni\u00f3n Deporte de la Provincia Duarte.<\/span><\/p>\n<\/p>\n<p><span class=\"text1noticias\">El trabajo de seguimiento, seg\u00fan refiere Hern\u00e1ndez, ha sido una iniciativa en conjunto de la Uni\u00f3n Deportiva de la Provincia Duarte, el Ayuntamiento Municipal de esa ciudad, al igual que la Uni\u00f3n de Ligas y Clubes.<\/span><\/p>\n<\/p>\n<p><span class=\"text1noticias\">??Fue una jornada muy interesante que contribuy\u00f3 a reforestar \u00e1reas que necesitaban ser rescatadas. Nos sentimos agradecidos del Comit\u00e9 Ol\u00edmpico por esta iniciativa??, sostuvo F\u00e9lix Manuel Rodr\u00edguez, s\u00edndico de Francisco de Macor\u00eds.<\/span><\/p>\n<\/p>\n<p><span class=\"text1noticias\">??Tenemos que crear conciencia de preservar nuestros ambiente y el cuido de las fuentes acu\u00edferas. Solicitamos que esta actividad se repita en otras \u00e1reas de la ciudad??, agreg\u00f3 Rodr\u00edguez.<\/span><\/p>\n<\/p>\n<p><span class=\"text1noticias\">El alcalde municipal se\u00f1al\u00f3 que el organismo que dirige ha creado la Unidad Ambiental, un departamento que, seg\u00fan asegur\u00f3, est\u00e1 haciendo un gran trabajo en coordinaci\u00f3n con la Uni\u00f3n Deportiva para darle seguimiento, como lo est\u00e1 haciendo, a jornadas como la que encabez\u00f3 el Comit\u00e9 Ol\u00edmpico en el 2011.<\/span><\/p>\n<\/p>\n<p><span class=\"text1noticias\">??Esta jornada de reforestaci\u00f3n nos ense\u00f1\u00f3 que el medio ambiente se puede salvar y que todos podemos contribuir con nuestra participaci\u00f3n??, dijo la jovencita Arianny Arias, quien form\u00f3 parte de la plantilla estudiantil y deportiva de la jornada de reforestaci\u00f3n en el 2011.<\/span><\/p>\n<\/p>\n<p><span class=\"text1noticias\">Al conservar a\u00fan su camiseta de identificaci\u00f3n de la caminata, Johan Paulino dijo: ??Hay que cuidar los \u00e1rboles porque nos dan vida y contribuyen a mejorar el medio ambiente??.<\/span><\/p>\n<\/p>\n<p><span class=\"text1noticias\">La Caminata Ol\u00edmpica de este a\u00f1o se llevar\u00e1 a cabo el pr\u00f3ximo s\u00e1bado 22 de este mes en La Vega.(HG)<\/span>.<\/p>\n<h6> 2013-06-11 22:42:19 <\/h6>\n<p><!--\n<link rel=\"stylesheet\" href=\"css\/bootstrap.min.css\">\n\n\n<ul class=\"pagination\">\n\t    \n\t\n\n<li >\n\t<a href='?page_no=20382'>Previous<\/a>\n\t<\/li>\n\n\n       \n    \n\n<li><a href='?page_no=1'>1<\/a><\/li>\n\n\n\n<li><a href='?page_no=2'>2<\/a><\/li>\n\n\n\n<li><a>...<\/a><\/li>\n\n\n\n<li><a href='?page_no=20381'>20381<\/a><\/li>\n\n\n\n<li><a href='?page_no=20382'>20382<\/a><\/li>\n\n\n\n<li class='active'><a>20383<\/a><\/li>\n\n\n\n<li><a href='?page_no=20384'>20384<\/a><\/li>\n\n\n\n<li><a href='?page_no=20385'>20385<\/a><\/li>\n\n\n\n<li><a>...<\/a><\/li>\n\n\n\n<li><a href='?page_no=36618'>36618<\/a><\/li>\n\n\n\n<li><a href='?page_no=36619'>36619<\/a><\/li>\n\n    \n\t\n\n<li >\n\t<a href='?page_no=20384'>Next<\/a>\n\t<\/li>\n\n\n    \n\n<li><a href='?page_no=36619'>Last &rsaquo;&rsaquo;<\/a><\/li>\n\n<\/ul>\n\n\n--><br \/>\n<\/body><\/p>\n","protected":false},"excerpt":{"rendered":"<p>San Francisco de Macor\u00eds, RD, 11 de Junio.-Las transitadas avenidas Caonabo y Hermanas Mirabal de esta ciudad muestran un panorama distinto al de hace dos a\u00f1os atr\u00e1s despu\u00e9s de la jornada de reforestaci\u00f3n que llev\u00f3 a cabo el Comit\u00e9 Ol\u00edmpico Dominicano (COD). En aquella ocasi\u00f3n, justo el 23 de junio de 2011, la jornada de [&hellip;]<\/p>\n","protected":false},"author":3,"featured_media":0,"comment_status":"open","ping_status":"open","sticky":false,"template":"","format":"standard","meta":{"footnotes":""},"categories":[17],"tags":[],"class_list":["post-213273","post","type-post","status-publish","format-standard","hentry","category-deportes"],"_links":{"self":[{"href":"https:\/\/diariodominicano.com\/index.php?rest_route=\/wp\/v2\/posts\/213273","targetHints":{"allow":["GET"]}}],"collection":[{"href":"https:\/\/diariodominicano.com\/index.php?rest_route=\/wp\/v2\/posts"}],"about":[{"href":"https:\/\/diariodominicano.com\/index.php?rest_route=\/wp\/v2\/types\/post"}],"author":[{"embeddable":true,"href":"https:\/\/diariodominicano.com\/index.php?rest_route=\/wp\/v2\/users\/3"}],"replies":[{"embeddable":true,"href":"https:\/\/diariodominicano.com\/index.php?rest_route=%2Fwp%2Fv2%2Fcomments&post=213273"}],"version-history":[{"count":0,"href":"https:\/\/diariodominicano.com\/index.php?rest_route=\/wp\/v2\/posts\/213273\/revisions"}],"wp:attachment":[{"href":"https:\/\/diariodominicano.com\/index.php?rest_route=%2Fwp%2Fv2%2Fmedia&parent=213273"}],"wp:term":[{"taxonomy":"category","embeddable":true,"href":"https:\/\/diariodominicano.com\/index.php?rest_route=%2Fwp%2Fv2%2Fcategories&post=213273"},{"taxonomy":"post_tag","embeddable":true,"href":"https:\/\/diariodominicano.com\/index.php?rest_route=%2Fwp%2Fv2%2Ftags&post=213273"}],"curies":[{"name":"wp","href":"https:\/\/api.w.org\/{rel}","templated":true}]}}