{"id":213272,"date":"2013-06-11T22:56:41","date_gmt":"2013-06-11T22:56:41","guid":{"rendered":"http:\/\/diariodominicano.ddns.net\/?p=213272"},"modified":"2013-06-11T22:56:41","modified_gmt":"2013-06-11T22:56:41","slug":"fundacion-puntacana-capacitan-estudiantes-de-veron-en-la-disciplina-del-golf","status":"publish","type":"post","link":"https:\/\/diariodominicano.com\/?p=213272","title":{"rendered":"Fundaci\u00f3n PUNTACANA  capacitan estudiantes de Ver\u00f3n en la disciplina del Golf"},"content":{"rendered":"<p><body><\/p>\n<p><span class=\"text1noticias\">Punta Cana, La Altagracia, RD, 11 de Junio.-Con el objetivo de formar capacidades f\u00edsicas, recreativas y de desarrollo personal, la Fundaci\u00f3n PUNTACANA ha puesto en funcionamiento el programa de golf \u00abGolf Into Ver\u00f3n\u00bb, que en su primera etapa impacta a 42 estudiantes entre 9 y 12 a\u00f1os de edad del 5to. curso de b\u00e1sica de la escuela vespertina del Polit\u00e9cnico Ann &amp; Ted Kheel.<\/span><\/p>\n<\/p>\n<p><span class=\"text1noticias\">\u00abNuestro prop\u00f3sito como Fundaci\u00f3n es familiarizar la comunidad de Ver\u00f3n con la pr\u00e1ctica del golf, siendo esta una actividad de valor agregado con alto impacto en el desarrollo de la industria tur\u00edstica del  pa\u00eds\u00bb, dijo Paul Beswick, director de la Fundaci\u00f3n PUNTACANA.<\/span><\/p>\n<\/p>\n<p><span class=\"text1noticias\">El programa plantea como principales  objetivos mejorar la salud f\u00edsica de los ni\u00f1os a trav\u00e9s de la pr\u00e1ctica deportiva, contribuir al desarrollo del talento y  las habilidades atl\u00e9ticas  de los ni\u00f1os y ofrecer una alternativa de sano esparcimiento en un ambiente favorable para su  crecimiento f\u00edsico,  emocional y cultural.<\/span><\/p>\n<\/p>\n<p><span class=\"text1noticias\">\u00abLa idea proyectada a largo plazo es que los participantes puedan tener oportunidades de becas de estudio en centros de formaci\u00f3n especializados nacionales y extranjeros, y desarrollar una carrera profesional dentro del mundo del golf\u00bb, explica Beswick.<\/span><\/p>\n<\/p>\n<p><span class=\"text1noticias\">El programa trata de incentivar a estudiantes con limitaciones econ\u00f3micas, motiv\u00e1ndolos a involucrarse en este deporte desde temprana edad y crear v\u00ednculos de car\u00e1cter amistoso, deportivo o profesional con la gran cantidad de empresarios, ejecutivos corporativos, deportistas y artistas que constantemente visitan la zona, lo que les facilitar\u00e1 las oportunidades de desarrollo y superaci\u00f3n.<\/span><\/p>\n<\/p>\n<p><span class=\"text1noticias\">Entre los planes futuros del programa est\u00e1n su consolidaci\u00f3n, promover la realizaci\u00f3n de torneos interescolares comunitarios e integrar nuevos centros educativos.<\/span><\/p>\n<\/p>\n<p><span class=\"text1noticias\">\u00abGolf Into Ver\u00f3n\u00bb es desarrollado por la Fundaci\u00f3n PUNTACANA en coordinaci\u00f3n on la Academia de Junior Golf de la Cana Golf &amp; Beach Club en Puntacana Resort &amp; Club, para ofrecer a ni\u00f1os y adolescentes de las comunidades menos favorecidas de la zona tur\u00edstica, la oportunidad de desarrollarse en una actividad deportiva que representa uno de los principales atractivos del destino de Punta Cana. (HG)<\/span>.<\/p>\n<\/p>\n<p><span class=\"text1noticias\">Fuente: CICOM<\/span><\/p>\n<h6> 2013-06-11 22:56:41 <\/h6>\n<p><!--\n<link rel=\"stylesheet\" href=\"css\/bootstrap.min.css\">\n\n\n<ul class=\"pagination\">\n\t    \n\t\n\n<li >\n\t<a href='?page_no=20381'>Previous<\/a>\n\t<\/li>\n\n\n       \n    \n\n<li><a href='?page_no=1'>1<\/a><\/li>\n\n\n\n<li><a href='?page_no=2'>2<\/a><\/li>\n\n\n\n<li><a>...<\/a><\/li>\n\n\n\n<li><a href='?page_no=20380'>20380<\/a><\/li>\n\n\n\n<li><a href='?page_no=20381'>20381<\/a><\/li>\n\n\n\n<li class='active'><a>20382<\/a><\/li>\n\n\n\n<li><a href='?page_no=20383'>20383<\/a><\/li>\n\n\n\n<li><a href='?page_no=20384'>20384<\/a><\/li>\n\n\n\n<li><a>...<\/a><\/li>\n\n\n\n<li><a href='?page_no=36618'>36618<\/a><\/li>\n\n\n\n<li><a href='?page_no=36619'>36619<\/a><\/li>\n\n    \n\t\n\n<li >\n\t<a href='?page_no=20383'>Next<\/a>\n\t<\/li>\n\n\n    \n\n<li><a href='?page_no=36619'>Last &rsaquo;&rsaquo;<\/a><\/li>\n\n<\/ul>\n\n\n--><br \/>\n<\/body><\/p>\n","protected":false},"excerpt":{"rendered":"<p>Punta Cana, La Altagracia, RD, 11 de Junio.-Con el objetivo de formar capacidades f\u00edsicas, recreativas y de desarrollo personal, la Fundaci\u00f3n PUNTACANA ha puesto en funcionamiento el programa de golf \u00abGolf Into Ver\u00f3n\u00bb, que en su primera etapa impacta a 42 estudiantes entre 9 y 12 a\u00f1os de edad del 5to. curso de b\u00e1sica de [&hellip;]<\/p>\n","protected":false},"author":3,"featured_media":0,"comment_status":"open","ping_status":"open","sticky":false,"template":"","format":"standard","meta":{"footnotes":""},"categories":[17],"tags":[],"class_list":["post-213272","post","type-post","status-publish","format-standard","hentry","category-deportes"],"_links":{"self":[{"href":"https:\/\/diariodominicano.com\/index.php?rest_route=\/wp\/v2\/posts\/213272","targetHints":{"allow":["GET"]}}],"collection":[{"href":"https:\/\/diariodominicano.com\/index.php?rest_route=\/wp\/v2\/posts"}],"about":[{"href":"https:\/\/diariodominicano.com\/index.php?rest_route=\/wp\/v2\/types\/post"}],"author":[{"embeddable":true,"href":"https:\/\/diariodominicano.com\/index.php?rest_route=\/wp\/v2\/users\/3"}],"replies":[{"embeddable":true,"href":"https:\/\/diariodominicano.com\/index.php?rest_route=%2Fwp%2Fv2%2Fcomments&post=213272"}],"version-history":[{"count":0,"href":"https:\/\/diariodominicano.com\/index.php?rest_route=\/wp\/v2\/posts\/213272\/revisions"}],"wp:attachment":[{"href":"https:\/\/diariodominicano.com\/index.php?rest_route=%2Fwp%2Fv2%2Fmedia&parent=213272"}],"wp:term":[{"taxonomy":"category","embeddable":true,"href":"https:\/\/diariodominicano.com\/index.php?rest_route=%2Fwp%2Fv2%2Fcategories&post=213272"},{"taxonomy":"post_tag","embeddable":true,"href":"https:\/\/diariodominicano.com\/index.php?rest_route=%2Fwp%2Fv2%2Ftags&post=213272"}],"curies":[{"name":"wp","href":"https:\/\/api.w.org\/{rel}","templated":true}]}}