{"id":213270,"date":"2013-06-11T23:37:52","date_gmt":"2013-06-11T23:37:52","guid":{"rendered":"http:\/\/diariodominicano.ddns.net\/?p=213270"},"modified":"2013-06-11T23:37:52","modified_gmt":"2013-06-11T23:37:52","slug":"adris-de-leon-llega-a-un-acuerdo-con-los-metros-de-santiago","status":"publish","type":"post","link":"https:\/\/diariodominicano.com\/?p=213270","title":{"rendered":"Adris  De Le\u00f3n llega a un acuerdo con los Metros de Santiago"},"content":{"rendered":"<p><body><\/p>\n<p><img decoding=\"async\" src=\"http:\/\/localhost:8080\/img3\/ADRIS.JPG\" \/>  <\/p>\n<p><span class=\"text1noticias\">Santiago, RD, 11 de Junio.-El vers\u00e1til  jugador Adris de Le\u00f3n llego a un acuerdo contractual con la directiva de los Metros de Santiago para unirse al conjunto en la venidera temporada de la Liga Scotiabank LNB.<\/span><\/p>\n<\/p>\n<p><span class=\"text1noticias\">De Le\u00f3n present\u00f3 excelentes credenciales durante su estad\u00eda con el equipo en la pasada temporada, donde logr\u00f3 convertirse en uno de los jugadores m\u00e1s aclamados por los fan\u00e1ticos de los Metros y valorado por sus compa\u00f1eros por ser una persona carism\u00e1tica, quien se lleva muy bien con cada uno de ellos y sobretodo la brillante relaci\u00f3n que tiene con el dirigente Nelson Ure\u00f1a.<\/span><\/p>\n<\/p>\n<p><span class=\"text1noticias\">De Le\u00f3n expres\u00f3 sentirse satisfecho con el trato recibido por la directiva de los Metros y sus fan\u00e1ticos con los cuales se siente de manera personal comprometido para tratar de ayudar a ese equipo a obtener una nueva corona de campe\u00f3n en la Liga Scotiabank, indic\u00f3 que en los pr\u00f3ximos d\u00edas estar\u00e1 cumpliendo con algunos compromisos publicitarios con la reconocida empresa Nike, donde debe de realizar un tour por Puerto Rico y algunas ciudades de Estados Unidos (USA).<\/span><\/p>\n<\/p>\n<p><span class=\"text1noticias\">Inmediatamente Adris  culmine ese tour se integrar\u00e1 a los Metros de Santiago, equipo que se prepara para su participaci\u00f3n en el futuro Torneo de la Liga Scotiabank LNB. Adris fue escogido como el\u00bbMejor Sexto Hombre\u00bb de la pasada temporada 2012-13 de la NBL de Australia  en la publicaci\u00f3n de los premios oficiales tras finalizar la Serie Regular.<\/span><\/p>\n<p><span class=\"text1noticias\"> <\/span><\/p>\n<p><span class=\"text1noticias\">De Le\u00f3n gui\u00f3 a los Wollongong Hawks a los playoffs tras dos a\u00f1os fuera de la postemporada, clasificando en tercer lugar. Adris obtuvo tres veces el premio \u00abJugador de la Semana\u00bb durante las 24 jornadas de la NBL. Sus premios fueron en la jornada 5, 19 y 21. El dominicano tuvo promedios de 16.8 puntos, 3.8 rebotes, 3.2 asistencias, 1.3 bolas robadas y 2.8 bolas perdidas en una media de 29.2 minutos jugados en los 28 partidos que accion\u00f3. \u00ab2 Hard 2 Guard\u00bb tir\u00f3 para un 40.8% de campo, incluyendo un 32.1% de tres, y tir\u00f3 para un 78.1% de tiros libres. Sus 16.8 puntos por partido lo situaron tercero en el liderato de anotaci\u00f3n.<\/span><\/p>\n<\/p>\n<p><span class=\"text1noticias\">Luego de finalizar su campa\u00f1a en Australia, Adris paso a reforzar el combinado los Vaqueros de Bayam\u00f3n en el Torneo de Baloncesto Superior Nacional de Puerto Rico (BSNPR), donde accion\u00f3 en cinco partidos promediando 14.8 minutos, 6.0 puntos, 1.8 rebotes y 0.8 asistencias por partido.(HG)<\/span>.<\/p>\n<\/p>\n<h6> 2013-06-11 23:37:52 <\/h6>\n<p><!--\n<link rel=\"stylesheet\" href=\"css\/bootstrap.min.css\">\n\n\n<ul class=\"pagination\">\n\t    \n\t\n\n<li >\n\t<a href='?page_no=20379'>Previous<\/a>\n\t<\/li>\n\n\n       \n    \n\n<li><a href='?page_no=1'>1<\/a><\/li>\n\n\n\n<li><a href='?page_no=2'>2<\/a><\/li>\n\n\n\n<li><a>...<\/a><\/li>\n\n\n\n<li><a href='?page_no=20378'>20378<\/a><\/li>\n\n\n\n<li><a href='?page_no=20379'>20379<\/a><\/li>\n\n\n\n<li class='active'><a>20380<\/a><\/li>\n\n\n\n<li><a href='?page_no=20381'>20381<\/a><\/li>\n\n\n\n<li><a href='?page_no=20382'>20382<\/a><\/li>\n\n\n\n<li><a>...<\/a><\/li>\n\n\n\n<li><a href='?page_no=36618'>36618<\/a><\/li>\n\n\n\n<li><a href='?page_no=36619'>36619<\/a><\/li>\n\n    \n\t\n\n<li >\n\t<a href='?page_no=20381'>Next<\/a>\n\t<\/li>\n\n\n    \n\n<li><a href='?page_no=36619'>Last &rsaquo;&rsaquo;<\/a><\/li>\n\n<\/ul>\n\n\n--><br \/>\n<\/body><\/p>\n","protected":false},"excerpt":{"rendered":"<p>Santiago, RD, 11 de Junio.-El vers\u00e1til jugador Adris de Le\u00f3n llego a un acuerdo contractual con la directiva de los Metros de Santiago para unirse al conjunto en la venidera temporada de la Liga Scotiabank LNB. De Le\u00f3n present\u00f3 excelentes credenciales durante su estad\u00eda con el equipo en la pasada temporada, donde logr\u00f3 convertirse en [&hellip;]<\/p>\n","protected":false},"author":3,"featured_media":0,"comment_status":"open","ping_status":"open","sticky":false,"template":"","format":"standard","meta":{"footnotes":""},"categories":[17],"tags":[],"class_list":["post-213270","post","type-post","status-publish","format-standard","hentry","category-deportes"],"_links":{"self":[{"href":"https:\/\/diariodominicano.com\/index.php?rest_route=\/wp\/v2\/posts\/213270","targetHints":{"allow":["GET"]}}],"collection":[{"href":"https:\/\/diariodominicano.com\/index.php?rest_route=\/wp\/v2\/posts"}],"about":[{"href":"https:\/\/diariodominicano.com\/index.php?rest_route=\/wp\/v2\/types\/post"}],"author":[{"embeddable":true,"href":"https:\/\/diariodominicano.com\/index.php?rest_route=\/wp\/v2\/users\/3"}],"replies":[{"embeddable":true,"href":"https:\/\/diariodominicano.com\/index.php?rest_route=%2Fwp%2Fv2%2Fcomments&post=213270"}],"version-history":[{"count":0,"href":"https:\/\/diariodominicano.com\/index.php?rest_route=\/wp\/v2\/posts\/213270\/revisions"}],"wp:attachment":[{"href":"https:\/\/diariodominicano.com\/index.php?rest_route=%2Fwp%2Fv2%2Fmedia&parent=213270"}],"wp:term":[{"taxonomy":"category","embeddable":true,"href":"https:\/\/diariodominicano.com\/index.php?rest_route=%2Fwp%2Fv2%2Fcategories&post=213270"},{"taxonomy":"post_tag","embeddable":true,"href":"https:\/\/diariodominicano.com\/index.php?rest_route=%2Fwp%2Fv2%2Ftags&post=213270"}],"curies":[{"name":"wp","href":"https:\/\/api.w.org\/{rel}","templated":true}]}}