{"id":213265,"date":"2013-06-12T20:57:35","date_gmt":"2013-06-12T20:57:35","guid":{"rendered":"http:\/\/diariodominicano.ddns.net\/?p=213265"},"modified":"2013-06-12T20:57:35","modified_gmt":"2013-06-12T20:57:35","slug":"extraordinaria-participacion-de-alfredo-rene-nin-en-la-tercera-puntuable-de-kartismo","status":"publish","type":"post","link":"https:\/\/diariodominicano.com\/?p=213265","title":{"rendered":"Extraordinaria participaci\u00f3n de Alfredo Ren\u00e9 Nin  en la tercera puntuable de Kartismo"},"content":{"rendered":"<p><body><\/p>\n<p><img decoding=\"async\" src=\"img3\/nin.jpg\" \/>  <\/p>\n<p><span class=\"text1noticias\">Santo Domingo, RD, 12 de Junio.-Confianza, determinaci\u00f3n y potencial lograron que el corredor de kartismo, Alfredo Ren\u00e9 Nin, causara sensaci\u00f3n durante la tercera prueba del Campeonato Nacional de Kartismo en la categor\u00eda Micro Max,  celebrada en las instalaciones del Aut\u00f3dromo Mobil 1.<\/span><\/p>\n<p><span class=\"text1noticias\"> <\/span><\/p>\n<p><span class=\"text1noticias\">Saliendo en la primera manga en la 5ta posici\u00f3n, logr\u00f3 llegar al primer lugar, haciendo maniobras y adelantamientos propias de un triunfador, mientras que en la segunda manga manteniendo un buen ritmo, alcanz\u00f3 la segunda puesto, coloc\u00e1ndose en los primeros lugares de la tabla de posiciones.<\/span><\/p>\n<p><span class=\"text1noticias\"> <\/span><\/p>\n<p><span class=\"text1noticias\">Con este segundo lugar, Nin contin\u00faa imponi\u00e9ndose como un potencial adversario en la lucha por el campeonato, ya que ha dado muestras de dominio y rendimiento  en las \u00faltimas pruebas que se han efectuado en lo que va del campeonato. <\/span><\/p>\n<p><span class=\"text1noticias\"> <\/span><\/p>\n<p><span class=\"text1noticias\">Nin de 8 a\u00f1os de edad, quien debuta en esta temporada en la Micro Max,  se le ha visto \u00faltimamente muy c\u00f3modo en su nuevo auto, obteniendo en la segunda prueba del a\u00f1o la segunda posici\u00f3n y  repitiendo la haza\u00f1a en el tercer encuentro, demostrando as\u00ed poder\u00edo y autoridad en la pista, sorprendiendo a todo en p\u00fablico con sus estrategias de rebases en las dos mangas de la competencia.<\/span><\/p>\n<p><span class=\"text1noticias\"> <\/span><\/p>\n<p><span class=\"text1noticias\">Su padre el destacado cronista y narrador de autos, Alfredo Nin, manifiesta sentirse orgulloso y satisfecho con los logros alcanzados por su hijo , quien se ha mantenido en excelentes condiciones, enfocado en su prop\u00f3sito de alzarse con la victoria, esperado saborear lo mas alto del podio en las jornadas que se avecinan.<\/span><\/p>\n<p><span class=\"text1noticias\"> <\/span><\/p>\n<p><span class=\"text1noticias\">\u00abEstamos muy entusiasmados y motivados, mi hijo ha mantenido un buen ritmo de carrera y en la tercera prueba estuvo imponiendo y marcando su terreno sobre el asfalto\u00bb, expresa Nin padre.<\/span><\/p>\n<p><span class=\"text1noticias\"> <\/span><\/p>\n<p><span class=\"text1noticias\">El equipo Nin Racing Teamse mantiene a la vanguardia, mostrando profesionalidad y  haciendo los ajustes necesarios en el auto, como la  alineaci\u00f3n, rendimiento de los neum\u00e1ticos, afinaci\u00f3n del motor,  adaptaci\u00f3n a los frenos y todos los cambios y mejoras para un buen desempe\u00f1o de cara a las carreras venideras.<\/span><\/p>\n<p><span class=\"text1noticias\"> <\/span><\/p>\n<p><span class=\"text1noticias\">Alfredo Rene Nin, cuanta con el patrocinio de Salchichas Mister Junior de Induveca y Auto Haus, marcas que le han ofrecido su apoyo incondicional para su participaci\u00f3n  en el campeonato. <\/span><\/p>\n<p><span class=\"text1noticias\"> <\/span><\/p>\n<p><span class=\"text1noticias\">El Campeonato Nacional de Kartismo, organizado por el club Dominicano de Corredores de Kartismo y el Aut\u00f3dromo Mobil 1 es un evento totalmente gratis para toda la familia, en las instalaciones del Aut\u00f3dromo Mobil 1.(HG<\/span>). <\/p>\n<\/p>\n<h6> 2013-06-12 20:57:35 <\/h6>\n<p><!--\n<link rel=\"stylesheet\" href=\"css\/bootstrap.min.css\">\n\n\n<ul class=\"pagination\">\n\t    \n\t\n\n<li >\n\t<a href='?page_no=20374'>Previous<\/a>\n\t<\/li>\n\n\n       \n    \n\n<li><a href='?page_no=1'>1<\/a><\/li>\n\n\n\n<li><a href='?page_no=2'>2<\/a><\/li>\n\n\n\n<li><a>...<\/a><\/li>\n\n\n\n<li><a href='?page_no=20373'>20373<\/a><\/li>\n\n\n\n<li><a href='?page_no=20374'>20374<\/a><\/li>\n\n\n\n<li class='active'><a>20375<\/a><\/li>\n\n\n\n<li><a href='?page_no=20376'>20376<\/a><\/li>\n\n\n\n<li><a href='?page_no=20377'>20377<\/a><\/li>\n\n\n\n<li><a>...<\/a><\/li>\n\n\n\n<li><a href='?page_no=36618'>36618<\/a><\/li>\n\n\n\n<li><a href='?page_no=36619'>36619<\/a><\/li>\n\n    \n\t\n\n<li >\n\t<a href='?page_no=20376'>Next<\/a>\n\t<\/li>\n\n\n    \n\n<li><a href='?page_no=36619'>Last &rsaquo;&rsaquo;<\/a><\/li>\n\n<\/ul>\n\n\n--><br \/>\n<\/body><\/p>\n","protected":false},"excerpt":{"rendered":"<p>Santo Domingo, RD, 12 de Junio.-Confianza, determinaci\u00f3n y potencial lograron que el corredor de kartismo, Alfredo Ren\u00e9 Nin, causara sensaci\u00f3n durante la tercera prueba del Campeonato Nacional de Kartismo en la categor\u00eda Micro Max, celebrada en las instalaciones del Aut\u00f3dromo Mobil 1. Saliendo en la primera manga en la 5ta posici\u00f3n, logr\u00f3 llegar al primer [&hellip;]<\/p>\n","protected":false},"author":3,"featured_media":0,"comment_status":"open","ping_status":"open","sticky":false,"template":"","format":"standard","meta":{"footnotes":""},"categories":[17],"tags":[],"class_list":["post-213265","post","type-post","status-publish","format-standard","hentry","category-deportes"],"_links":{"self":[{"href":"https:\/\/diariodominicano.com\/index.php?rest_route=\/wp\/v2\/posts\/213265","targetHints":{"allow":["GET"]}}],"collection":[{"href":"https:\/\/diariodominicano.com\/index.php?rest_route=\/wp\/v2\/posts"}],"about":[{"href":"https:\/\/diariodominicano.com\/index.php?rest_route=\/wp\/v2\/types\/post"}],"author":[{"embeddable":true,"href":"https:\/\/diariodominicano.com\/index.php?rest_route=\/wp\/v2\/users\/3"}],"replies":[{"embeddable":true,"href":"https:\/\/diariodominicano.com\/index.php?rest_route=%2Fwp%2Fv2%2Fcomments&post=213265"}],"version-history":[{"count":0,"href":"https:\/\/diariodominicano.com\/index.php?rest_route=\/wp\/v2\/posts\/213265\/revisions"}],"wp:attachment":[{"href":"https:\/\/diariodominicano.com\/index.php?rest_route=%2Fwp%2Fv2%2Fmedia&parent=213265"}],"wp:term":[{"taxonomy":"category","embeddable":true,"href":"https:\/\/diariodominicano.com\/index.php?rest_route=%2Fwp%2Fv2%2Fcategories&post=213265"},{"taxonomy":"post_tag","embeddable":true,"href":"https:\/\/diariodominicano.com\/index.php?rest_route=%2Fwp%2Fv2%2Ftags&post=213265"}],"curies":[{"name":"wp","href":"https:\/\/api.w.org\/{rel}","templated":true}]}}