{"id":213247,"date":"2013-06-13T23:00:14","date_gmt":"2013-06-13T23:00:14","guid":{"rendered":"http:\/\/diariodominicano.ddns.net\/?p=213247"},"modified":"2013-06-13T23:00:14","modified_gmt":"2013-06-13T23:00:14","slug":"juramentacion-comite-organizador-xiii-juegos-deportivos-de-la-provincia-de-santiago","status":"publish","type":"post","link":"https:\/\/diariodominicano.com\/?p=213247","title":{"rendered":"Juramentaci\u00f3n Comit\u00e9 Organizador XIII Juegos Deportivos de la Provincia de Santiago&#13;"},"content":{"rendered":"<p><body><\/p>\n<p><img decoding=\"async\" src=\"img3\/juramentacion.JPG\" \/>  <\/p>\n<p><span class=\"text1noticias\">Santiago, RD, 13 de Junio.-Fue juramentado  por el presidente de la Uni\u00f3n Deportiva de Santiago (UDESA), el Comit\u00e9 Organizador de los XIII Juegos Deportivos de la Provincia de Santiago que encabeza el ingeniero Juan Mera.<\/span><\/p>\n<\/p>\n<p><span class=\"text1noticias\">La juramentaci\u00f3n fue realizada por el profesor H\u00e9ctor de Padua, presidente de la UDESA, durante un acto realizado ayer jueves en el sal\u00f3n de actos de la Gobernaci\u00f3n Provincial de Santiago.<\/span><\/p>\n<\/p>\n<p><span class=\"text1noticias\">El profesor De Padua, antes de la juramentaci\u00f3n, se dirigi\u00f3 a los presentes y habl\u00f3 de la historia de los juegos, ampliando sobre la trayectoria dirigencial del presidente del Comit\u00e9 Organizador, ingeniero Juan Mera y la dedicatoria de los mismos al bicentenario del nacimiento del Patricio Juan Pablo Duarte.<\/span><\/p>\n<\/p>\n<p><span class=\"text1noticias\">Mientras que, luego de ser juramentado, el ingeniero Mera, hablando en representaci\u00f3n de los dem\u00e1s miembros del Comit\u00e9 Organizador, dijo esperar que estos sean los mejores juegos de la historia.<\/span><\/p>\n<\/p>\n<p><span class=\"text1noticias\">Tras agradecer la distinci\u00f3n, entre otras cosas, apunt\u00f3 que est\u00e1 rodeado en el comit\u00e9 por una gama de personalidades que incluye juventud y experiencia, lo que le facilitar\u00e1 su labor y acrecentar\u00e1 el \u00e9xito de la hist\u00f3rica actividad.<\/span><\/p>\n<\/p>\n<p><span class=\"text1noticias\">En el acto, la licenciada Aura Toribio, gobernadora provincial, quien dijo las palabras de bienvenida, signific\u00f3 que es un honor ser escogida para pertenecer al Comit\u00e9 Organizador y asegur\u00f3 que los juegos ser\u00e1n exitosos y la poblaci\u00f3n se enorgullecer\u00e1.<\/span><\/p>\n<\/p>\n<p><span class=\"text1noticias\">Manifest\u00f3 que es inter\u00e9s del presidente de la Rep\u00fablica, Danilo Medina, que los juegos sean verdaderamente bien organizados y un ejemplo para la juventud.<\/span><\/p>\n<\/p>\n<p><span class=\"text1noticias\">Al tiempo que el director nacional de Efem\u00e9rides Patrias, doctor Juan Daniel Balc\u00e1cer, habl\u00f3 del bicentenario del nacimiento del patricio Juan Pablo Duarte, el que, adem\u00e1s de sus luchas por la Independencia, fue un gran deportista de la disciplina de esgrima.<\/span><\/p>\n<\/p>\n<p><span class=\"text1noticias\">El Comit\u00e9 Organizador est\u00e1 compuesto por: Presidente, Juan Mera; Carlos Fondeur, vicepresidente; Carlos Iglesias, tesorero y Fernando Puig, secretario general.<\/span><\/p>\n<\/p>\n<p><span class=\"text1noticias\">Son miembros la gobernadora de Santiago, Aura Toribio; el senador provincial, Julio C\u00e9sar Valent\u00edn; Ram\u00f3n Rodr\u00edguez, Silvio Dur\u00e1n, Anyolino Germos\u00e9n, Oscar Schwarzbartl, Luis Jos\u00e9 Bonilla Bojos, Adriano Abreu, Carlos Cabrera y Carlos Guillermo N\u00fa\u00f1ez.<\/span><\/p>\n<\/p>\n<p><span class=\"text1noticias\">Adem\u00e1s, Edwin Pereyra, Enmanuel Garc\u00eda Mussa, Fernando Lama Capell\u00e1n, Guillermo Ottenwalder, F\u00e9lix Alc\u00e1ntara, Gustavo Adolfo Garc\u00eda Alm\u00e1nzar, Jos\u00e9 Miguel Clase, Leticia Mera, Manuel Estrella Tav\u00e1res, Mikael Guerrero, Peter Knupper, V\u00edctor Eduardo Garc\u00eda, Carlos Rodr\u00edguez, Fernando Bonilla, Tito Pereyra, Luis Ram\u00f3n Campos, Sa\u00fal Abreu, Charles Albino, Jos\u00e9 de la Cruz, Rosa Arlene Mar\u00eda y Julissa N\u00fa\u00f1ez.(HG)<\/span>.<\/p>\n<h6> 2013-06-13 23:00:14 <\/h6>\n<p><!--\n<link rel=\"stylesheet\" href=\"css\/bootstrap.min.css\">\n\n\n<ul class=\"pagination\">\n\t    \n\t\n\n<li >\n\t<a href='?page_no=20356'>Previous<\/a>\n\t<\/li>\n\n\n       \n    \n\n<li><a href='?page_no=1'>1<\/a><\/li>\n\n\n\n<li><a href='?page_no=2'>2<\/a><\/li>\n\n\n\n<li><a>...<\/a><\/li>\n\n\n\n<li><a href='?page_no=20355'>20355<\/a><\/li>\n\n\n\n<li><a href='?page_no=20356'>20356<\/a><\/li>\n\n\n\n<li class='active'><a>20357<\/a><\/li>\n\n\n\n<li><a href='?page_no=20358'>20358<\/a><\/li>\n\n\n\n<li><a href='?page_no=20359'>20359<\/a><\/li>\n\n\n\n<li><a>...<\/a><\/li>\n\n\n\n<li><a href='?page_no=36618'>36618<\/a><\/li>\n\n\n\n<li><a href='?page_no=36619'>36619<\/a><\/li>\n\n    \n\t\n\n<li >\n\t<a href='?page_no=20358'>Next<\/a>\n\t<\/li>\n\n\n    \n\n<li><a href='?page_no=36619'>Last &rsaquo;&rsaquo;<\/a><\/li>\n\n<\/ul>\n\n\n--><br \/>\n<\/body><\/p>\n","protected":false},"excerpt":{"rendered":"<p>Santiago, RD, 13 de Junio.-Fue juramentado por el presidente de la Uni\u00f3n Deportiva de Santiago (UDESA), el Comit\u00e9 Organizador de los XIII Juegos Deportivos de la Provincia de Santiago que encabeza el ingeniero Juan Mera. La juramentaci\u00f3n fue realizada por el profesor H\u00e9ctor de Padua, presidente de la UDESA, durante un acto realizado ayer jueves [&hellip;]<\/p>\n","protected":false},"author":3,"featured_media":0,"comment_status":"open","ping_status":"open","sticky":false,"template":"","format":"standard","meta":{"footnotes":""},"categories":[17],"tags":[],"class_list":["post-213247","post","type-post","status-publish","format-standard","hentry","category-deportes"],"_links":{"self":[{"href":"https:\/\/diariodominicano.com\/index.php?rest_route=\/wp\/v2\/posts\/213247","targetHints":{"allow":["GET"]}}],"collection":[{"href":"https:\/\/diariodominicano.com\/index.php?rest_route=\/wp\/v2\/posts"}],"about":[{"href":"https:\/\/diariodominicano.com\/index.php?rest_route=\/wp\/v2\/types\/post"}],"author":[{"embeddable":true,"href":"https:\/\/diariodominicano.com\/index.php?rest_route=\/wp\/v2\/users\/3"}],"replies":[{"embeddable":true,"href":"https:\/\/diariodominicano.com\/index.php?rest_route=%2Fwp%2Fv2%2Fcomments&post=213247"}],"version-history":[{"count":0,"href":"https:\/\/diariodominicano.com\/index.php?rest_route=\/wp\/v2\/posts\/213247\/revisions"}],"wp:attachment":[{"href":"https:\/\/diariodominicano.com\/index.php?rest_route=%2Fwp%2Fv2%2Fmedia&parent=213247"}],"wp:term":[{"taxonomy":"category","embeddable":true,"href":"https:\/\/diariodominicano.com\/index.php?rest_route=%2Fwp%2Fv2%2Fcategories&post=213247"},{"taxonomy":"post_tag","embeddable":true,"href":"https:\/\/diariodominicano.com\/index.php?rest_route=%2Fwp%2Fv2%2Ftags&post=213247"}],"curies":[{"name":"wp","href":"https:\/\/api.w.org\/{rel}","templated":true}]}}