{"id":213242,"date":"2013-06-15T15:57:31","date_gmt":"2013-06-15T15:57:31","guid":{"rendered":"http:\/\/diariodominicano.ddns.net\/?p=213242"},"modified":"2013-06-15T15:57:31","modified_gmt":"2013-06-15T15:57:31","slug":"roger-federer-barre-a-su-rival-en-39-minutos-en-halle","status":"publish","type":"post","link":"https:\/\/diariodominicano.com\/?p=213242","title":{"rendered":"Roger Federer barre a su rival en 39 minutos en Halle"},"content":{"rendered":"<p><body><\/p>\n<p><img decoding=\"async\" src=\"img3\/roger 15.jpg\" \/>  <\/p>\n<p>Halle, Alemania 15 junio.-  &#8211; Roger Federer no ha ganado un solo t\u00edtulo en lo que va de la temporada, pero nadie lo dir\u00eda al ver la forma en que barri\u00f3 de la cancha a Mischa Zverev el viernes para avanzar a las semifinales del Halle, Alemania 15 junio.-  &#8211; Roger Federer no ha ganado un solo t\u00edtulo en lo que va de la temporada, pero nadie lo dir\u00eda al ver la forma en que barri\u00f3 de la cancha a Mischa Zverev el viernes para avanzar a las semifinales del torneo de la ATP de Halle.<\/p>\n<p>  de Halle.<\/p>\n<\/p>\n<p>El suizo (cabeza de serie n\u00famero uno), domin\u00f3 a voluntad a su rival y se apunt\u00f3 el segundo 6-0, 6-0 de su carrera. El partido dur\u00f3 escasos 39 minutos.<\/p>\n<\/p>\n<p>El primero 6-0, 6-0 hab\u00eda sido contra el argentino Gast\u00f3n Gaudio en Shanghai en el 2005.<\/p>\n<\/p>\n<p>Federer enfrentar\u00e1 ahora al vencedor del duelo entre Tommy Haas y Gael Monfils. Haas lo derrot\u00f3 en la final del a\u00f1o pasado en Halle.<\/p>\n<\/p>\n<p>El suizo se adjudic\u00f3 seis veces el torneo de Halle en canchas de c\u00e9sped, su preferido para ponerse a punto para Wimbledon, donde en las pr\u00f3ximas semanas buscar\u00e1 su octavo t\u00edtulo.<\/p>\n<\/p>\n<p>Su \u00faltimo t\u00edtulo en Halle, no obstante, fue en el 2008.<\/p>\n<\/p>\n<p>\u00abHace rato que no gano aqu\u00ed. Por eso este t\u00edtulo ser\u00eda una prioridad para m\u00ed\u00bb, declar\u00f3 el suizo.<\/p>\n<\/p>\n<p>Tambi\u00e9n avanz\u00f3 a las semifinales Richard Gasquet (2), quien derrot\u00f3 a Florian Mayer 6-3, 7-6 (4) y qued\u00f3 a la espera del vencedor entre Philipp Kohlschreiber y Mikhail Youzhny.<\/p>\n<\/p>\n<h6> 2013-06-15 15:57:31 <\/h6>\n<p><!--\n<link rel=\"stylesheet\" href=\"css\/bootstrap.min.css\">\n\n\n<ul class=\"pagination\">\n\t    \n\t\n\n<li >\n\t<a href='?page_no=20351'>Previous<\/a>\n\t<\/li>\n\n\n       \n    \n\n<li><a href='?page_no=1'>1<\/a><\/li>\n\n\n\n<li><a href='?page_no=2'>2<\/a><\/li>\n\n\n\n<li><a>...<\/a><\/li>\n\n\n\n<li><a href='?page_no=20350'>20350<\/a><\/li>\n\n\n\n<li><a href='?page_no=20351'>20351<\/a><\/li>\n\n\n\n<li class='active'><a>20352<\/a><\/li>\n\n\n\n<li><a href='?page_no=20353'>20353<\/a><\/li>\n\n\n\n<li><a href='?page_no=20354'>20354<\/a><\/li>\n\n\n\n<li><a>...<\/a><\/li>\n\n\n\n<li><a href='?page_no=36618'>36618<\/a><\/li>\n\n\n\n<li><a href='?page_no=36619'>36619<\/a><\/li>\n\n    \n\t\n\n<li >\n\t<a href='?page_no=20353'>Next<\/a>\n\t<\/li>\n\n\n    \n\n<li><a href='?page_no=36619'>Last &rsaquo;&rsaquo;<\/a><\/li>\n\n<\/ul>\n\n\n--><br \/>\n<\/body><\/p>\n","protected":false},"excerpt":{"rendered":"<p>Halle, Alemania 15 junio.- &#8211; Roger Federer no ha ganado un solo t\u00edtulo en lo que va de la temporada, pero nadie lo dir\u00eda al ver la forma en que barri\u00f3 de la cancha a Mischa Zverev el viernes para avanzar a las semifinales del Halle, Alemania 15 junio.- &#8211; Roger Federer no ha ganado [&hellip;]<\/p>\n","protected":false},"author":3,"featured_media":0,"comment_status":"open","ping_status":"open","sticky":false,"template":"","format":"standard","meta":{"footnotes":""},"categories":[17],"tags":[],"class_list":["post-213242","post","type-post","status-publish","format-standard","hentry","category-deportes"],"_links":{"self":[{"href":"https:\/\/diariodominicano.com\/index.php?rest_route=\/wp\/v2\/posts\/213242","targetHints":{"allow":["GET"]}}],"collection":[{"href":"https:\/\/diariodominicano.com\/index.php?rest_route=\/wp\/v2\/posts"}],"about":[{"href":"https:\/\/diariodominicano.com\/index.php?rest_route=\/wp\/v2\/types\/post"}],"author":[{"embeddable":true,"href":"https:\/\/diariodominicano.com\/index.php?rest_route=\/wp\/v2\/users\/3"}],"replies":[{"embeddable":true,"href":"https:\/\/diariodominicano.com\/index.php?rest_route=%2Fwp%2Fv2%2Fcomments&post=213242"}],"version-history":[{"count":0,"href":"https:\/\/diariodominicano.com\/index.php?rest_route=\/wp\/v2\/posts\/213242\/revisions"}],"wp:attachment":[{"href":"https:\/\/diariodominicano.com\/index.php?rest_route=%2Fwp%2Fv2%2Fmedia&parent=213242"}],"wp:term":[{"taxonomy":"category","embeddable":true,"href":"https:\/\/diariodominicano.com\/index.php?rest_route=%2Fwp%2Fv2%2Fcategories&post=213242"},{"taxonomy":"post_tag","embeddable":true,"href":"https:\/\/diariodominicano.com\/index.php?rest_route=%2Fwp%2Fv2%2Ftags&post=213242"}],"curies":[{"name":"wp","href":"https:\/\/api.w.org\/{rel}","templated":true}]}}